{"id":78902,"date":"2022-02-14T17:19:22","date_gmt":"2022-02-14T17:19:22","guid":{"rendered":"https:\/\/sertv.gob.pa\/nacionalfm\/?p=78902"},"modified":"2022-02-14T17:19:22","modified_gmt":"2022-02-14T17:19:22","slug":"el-barco-de-rescate-ocean-viking-lleva-a-bordo-casi-250-migrantes-tras-una-nueva-operacion-en-el-mediterraneo","status":"publish","type":"post","link":"https:\/\/sertv.gob.pa\/nacionalfm\/el-barco-de-rescate-ocean-viking-lleva-a-bordo-casi-250-migrantes-tras-una-nueva-operacion-en-el-mediterraneo\/","title":{"rendered":"El barco de rescate &#8216;Ocean Viking&#8217; lleva a bordo casi 250 migrantes tras una nueva operaci\u00f3n en el Mediterr\u00e1neo"},"content":{"rendered":"<p><strong><em>MADRID, (EUROPA PRESS) \u2013<\/em><\/strong><\/p>\n<p>&nbsp;<\/p>\n<p>El barco de rescate &#8216;Ocean Viking&#8217;, operado por la ONG SOS Mediterran\u00e9e, tiene a bordo un total de 247 migrantes, despu\u00e9s de llevar a cabo otra operaci\u00f3n en la regi\u00f3n administrativa especial de Libia.<\/p>\n<p>En un mensaje publicado a trav\u00e9s de su cuenta en la red social Twitter, la organizaci\u00f3n ha detallado que se trata de la quinta operaci\u00f3n de rescate que llevan a cabo en aguas internacionales en la regi\u00f3n administrativa especial de Libia desde que comenz\u00f3 esta nueva misi\u00f3n el s\u00e1bado.<\/p>\n<p>As\u00ed, han conseguido poner a salvo a 19 personas, incluidas dos mujeres y tres menores no acompa\u00f1ados, que viajaban en un bote de fibra de vidrio que estaba en peligro, en aguas con olas de m\u00e1s un metro.<\/p>\n<p>Organizaciones privadas operan en el Mediterr\u00e1neo central para rescatar a migrantes de sus aguas. Embarcan en las costas del norte de \u00c1frica, sobre todo de Libia y T\u00fanez, para alcanzar la Uni\u00f3n Europea, donde buscan refugio o una vida mejor. Durante la peligrosa traves\u00eda, a menudo las embarcaciones zozobran y muchas personas pierden la vida.<\/p>\n<p>Naciones Unidas calcula que en 2021 m\u00e1s de mil migrantes desaparecieron o fueron dados por muertos en la traves\u00eda del Mediterr\u00e1neo central.<\/p>\n<p>&nbsp;<\/p>\n<p>Fuente: EUROPA PRESS<\/p>\n","protected":false},"excerpt":{"rendered":"<p>MADRID, (EUROPA PRESS) \u2013 &nbsp; El barco de rescate &#8216;Ocean <a href=\"https:\/\/sertv.gob.pa\/nacionalfm\/el-barco-de-rescate-ocean-viking-lleva-a-bordo-casi-250-migrantes-tras-una-nueva-operacion-en-el-mediterraneo\/\"> [&#8230;]<\/a><\/p>\n","protected":false},"author":9,"featured_media":78903,"comment_status":"closed","ping_status":"closed","sticky":false,"template":"","format":"standard","meta":{"footnotes":""},"categories":[3],"tags":[],"class_list":["post-78902","post","type-post","status-publish","format-standard","has-post-thumbnail","hentry","category-internacionales"],"_links":{"self":[{"href":"https:\/\/sertv.gob.pa\/nacionalfm\/wp-json\/wp\/v2\/posts\/78902","targetHints":{"allow":["GET"]}}],"collection":[{"href":"https:\/\/sertv.gob.pa\/nacionalfm\/wp-json\/wp\/v2\/posts"}],"about":[{"href":"https:\/\/sertv.gob.pa\/nacionalfm\/wp-json\/wp\/v2\/types\/post"}],"author":[{"embeddable":true,"href":"https:\/\/sertv.gob.pa\/nacionalfm\/wp-json\/wp\/v2\/users\/9"}],"replies":[{"embeddable":true,"href":"https:\/\/sertv.gob.pa\/nacionalfm\/wp-json\/wp\/v2\/comments?post=78902"}],"version-history":[{"count":1,"href":"https:\/\/sertv.gob.pa\/nacionalfm\/wp-json\/wp\/v2\/posts\/78902\/revisions"}],"predecessor-version":[{"id":78904,"href":"https:\/\/sertv.gob.pa\/nacionalfm\/wp-json\/wp\/v2\/posts\/78902\/revisions\/78904"}],"wp:featuredmedia":[{"embeddable":true,"href":"https:\/\/sertv.gob.pa\/nacionalfm\/wp-json\/wp\/v2\/media\/78903"}],"wp:attachment":[{"href":"https:\/\/sertv.gob.pa\/nacionalfm\/wp-json\/wp\/v2\/media?parent=78902"}],"wp:term":[{"taxonomy":"category","embeddable":true,"href":"https:\/\/sertv.gob.pa\/nacionalfm\/wp-json\/wp\/v2\/categories?post=78902"},{"taxonomy":"post_tag","embeddable":true,"href":"https:\/\/sertv.gob.pa\/nacionalfm\/wp-json\/wp\/v2\/tags?post=78902"}],"curies":[{"name":"wp","href":"https:\/\/api.w.org\/{rel}","templated":true}]}}