{"id":78905,"date":"2022-02-14T18:21:43","date_gmt":"2022-02-14T18:21:43","guid":{"rendered":"https:\/\/sertv.gob.pa\/nacionalfm\/?p=78905"},"modified":"2022-02-14T18:21:43","modified_gmt":"2022-02-14T18:21:43","slug":"blinken-insiste-ante-ucrania-en-que-habra-una-respuesta-contundente-en-caso-de-agresion-rusa","status":"publish","type":"post","link":"https:\/\/sertv.gob.pa\/nacionalfm\/blinken-insiste-ante-ucrania-en-que-habra-una-respuesta-contundente-en-caso-de-agresion-rusa\/","title":{"rendered":"Blinken insiste ante Ucrania en que habr\u00e1 una respuesta \u00abcontundente\u00bb en caso de \u00abagresi\u00f3n\u00bb rusa"},"content":{"rendered":"<p><strong><em>MADRID, (EUROPA PRESS) \u2013<\/em><\/strong><\/p>\n<p><strong><em>\u00a0<\/em><\/strong><\/p>\n<p>El secretario de Estado de Estados Unidos, Antony Blinken, ha reiterado este lunes ante el ministro de Exteriores de Ucrania, Dimitro Kuleba, que, aunque Washington apuesta por la diplomacia, habr\u00e1 una respuesta \u00abr\u00e1pida, coordinada y contundente\u00bb en caso de que finalmente haya \u00abagresi\u00f3n\u00bb por parte de las fuerzas rusas.<\/p>\n<p>Blinken, que la semana pasada advirti\u00f3 de una posible invasi\u00f3n inminente sobre territorio ucraniano, ha se\u00f1alado en una conversaci\u00f3n telef\u00f3nica con su hom\u00f3logo que Estados Unidos y sus aliados est\u00e1n \u00abunidos\u00bb en su \u00abcompromiso\u00bb con la soberan\u00eda y la integridad territorial de Ucrania, lo que se extiende tambi\u00e9n a su \u00abestabilidad econ\u00f3mica y financiera\u00bb, seg\u00fan un comunicado de su portavoz.<\/p>\n<p>La Administraci\u00f3n de Joe Biden se ha marcado como \u00abprioridad inmediata\u00bb la reducci\u00f3n de las tensiones, si bien esta distensi\u00f3n por ahora no se ha traducido en avances concretos, dado que ni Washington ni la OTAN han accedido a los requisitos de Mosc\u00fa para considerar que no hay amenaza alguna contra Rusia en el este de Europa.<\/p>\n<p>El ministro de Exteriores ruso, Sergei Lavrov, ha abierto este lunes la puerta a un acuerdo con Estados Unidos y la Alianza Atl\u00e1ntica, aunque ha matizado que s\u00f3lo llegar\u00e1 si \u00ablas propuestas de Rusia\u00bb en materia de seguridad \u00abson escuchadas\u00bb. Lavrov ha instado en una reuni\u00f3n con el presidente ruso, Vladimir Putin, a seguir negociando.<\/p>\n<p>&nbsp;<\/p>\n<p>Fuente: EUROPA PRESS<\/p>\n","protected":false},"excerpt":{"rendered":"<p>MADRID, (EUROPA PRESS) \u2013 \u00a0 El secretario de Estado de <a href=\"https:\/\/sertv.gob.pa\/nacionalfm\/blinken-insiste-ante-ucrania-en-que-habra-una-respuesta-contundente-en-caso-de-agresion-rusa\/\"> [&#8230;]<\/a><\/p>\n","protected":false},"author":9,"featured_media":78906,"comment_status":"closed","ping_status":"closed","sticky":false,"template":"","format":"standard","meta":{"footnotes":""},"categories":[3],"tags":[],"class_list":["post-78905","post","type-post","status-publish","format-standard","has-post-thumbnail","hentry","category-internacionales"],"_links":{"self":[{"href":"https:\/\/sertv.gob.pa\/nacionalfm\/wp-json\/wp\/v2\/posts\/78905","targetHints":{"allow":["GET"]}}],"collection":[{"href":"https:\/\/sertv.gob.pa\/nacionalfm\/wp-json\/wp\/v2\/posts"}],"about":[{"href":"https:\/\/sertv.gob.pa\/nacionalfm\/wp-json\/wp\/v2\/types\/post"}],"author":[{"embeddable":true,"href":"https:\/\/sertv.gob.pa\/nacionalfm\/wp-json\/wp\/v2\/users\/9"}],"replies":[{"embeddable":true,"href":"https:\/\/sertv.gob.pa\/nacionalfm\/wp-json\/wp\/v2\/comments?post=78905"}],"version-history":[{"count":1,"href":"https:\/\/sertv.gob.pa\/nacionalfm\/wp-json\/wp\/v2\/posts\/78905\/revisions"}],"predecessor-version":[{"id":78907,"href":"https:\/\/sertv.gob.pa\/nacionalfm\/wp-json\/wp\/v2\/posts\/78905\/revisions\/78907"}],"wp:featuredmedia":[{"embeddable":true,"href":"https:\/\/sertv.gob.pa\/nacionalfm\/wp-json\/wp\/v2\/media\/78906"}],"wp:attachment":[{"href":"https:\/\/sertv.gob.pa\/nacionalfm\/wp-json\/wp\/v2\/media?parent=78905"}],"wp:term":[{"taxonomy":"category","embeddable":true,"href":"https:\/\/sertv.gob.pa\/nacionalfm\/wp-json\/wp\/v2\/categories?post=78905"},{"taxonomy":"post_tag","embeddable":true,"href":"https:\/\/sertv.gob.pa\/nacionalfm\/wp-json\/wp\/v2\/tags?post=78905"}],"curies":[{"name":"wp","href":"https:\/\/api.w.org\/{rel}","templated":true}]}}