{"id":78945,"date":"2022-02-15T17:17:18","date_gmt":"2022-02-15T17:17:18","guid":{"rendered":"https:\/\/sertv.gob.pa\/nacionalfm\/?p=78945"},"modified":"2022-02-15T17:17:18","modified_gmt":"2022-02-15T17:17:18","slug":"localizado-un-octavo-cadaver-tras-la-explosion-del-lunes-cerca-de-perpinan","status":"publish","type":"post","link":"https:\/\/sertv.gob.pa\/nacionalfm\/localizado-un-octavo-cadaver-tras-la-explosion-del-lunes-cerca-de-perpinan\/","title":{"rendered":"Localizado un octavo cad\u00e1ver tras la explosi\u00f3n del lunes cerca de Perpi\u00f1\u00e1n"},"content":{"rendered":"<p><strong><em>MADRID, (EUROPA PRESS) \u2013<\/em><\/strong><\/p>\n<p><strong><em>\u00a0<\/em><\/strong><\/p>\n<p>Los servicios de emergencia han recuperado este martes un cad\u00e1ver de entre los escombros de uno de los edificios que el lunes sufri\u00f3 las consecuencias de una explosi\u00f3n y un posterior incendio en Saint-Laurent-de-la-Salanque, una localidad francesa cercana a Perpi\u00f1\u00e1n, por lo que ya son ocho las v\u00edctimas mortales de este suceso.<\/p>\n<p>El lunes, las autoridades hab\u00edan confirmado siete fallecidos, entre ellos un beb\u00e9 de pocos meses y un ni\u00f1o de dos a\u00f1os, pero la Fiscal\u00eda ha notificado la localizaci\u00f3n de una octava v\u00edctima, una mujer de 66 a\u00f1os que figuraba como desaparecida tras el suceso ocurrido de madrugada, seg\u00fan Franceinfo.<\/p>\n<p>Las autoridades a\u00fan investigan las circunstancias del siniestro para determinar, entre otras cuestiones, si la explosi\u00f3n inicial se debi\u00f3 a unas botellas de gas en una tienda de ultramarinos. El ministro del Interior, G\u00e9rald Darmanin, visit\u00f3 el lunes la zona como gesto por parte del Gobierno.<\/p>\n<p>&nbsp;<\/p>\n<p>Fuente: EUROPA PRESS<\/p>\n","protected":false},"excerpt":{"rendered":"<p>MADRID, (EUROPA PRESS) \u2013 \u00a0 Los servicios de emergencia han <a href=\"https:\/\/sertv.gob.pa\/nacionalfm\/localizado-un-octavo-cadaver-tras-la-explosion-del-lunes-cerca-de-perpinan\/\"> [&#8230;]<\/a><\/p>\n","protected":false},"author":9,"featured_media":78946,"comment_status":"closed","ping_status":"closed","sticky":false,"template":"","format":"standard","meta":{"footnotes":""},"categories":[3],"tags":[],"class_list":["post-78945","post","type-post","status-publish","format-standard","has-post-thumbnail","hentry","category-internacionales"],"_links":{"self":[{"href":"https:\/\/sertv.gob.pa\/nacionalfm\/wp-json\/wp\/v2\/posts\/78945","targetHints":{"allow":["GET"]}}],"collection":[{"href":"https:\/\/sertv.gob.pa\/nacionalfm\/wp-json\/wp\/v2\/posts"}],"about":[{"href":"https:\/\/sertv.gob.pa\/nacionalfm\/wp-json\/wp\/v2\/types\/post"}],"author":[{"embeddable":true,"href":"https:\/\/sertv.gob.pa\/nacionalfm\/wp-json\/wp\/v2\/users\/9"}],"replies":[{"embeddable":true,"href":"https:\/\/sertv.gob.pa\/nacionalfm\/wp-json\/wp\/v2\/comments?post=78945"}],"version-history":[{"count":1,"href":"https:\/\/sertv.gob.pa\/nacionalfm\/wp-json\/wp\/v2\/posts\/78945\/revisions"}],"predecessor-version":[{"id":78947,"href":"https:\/\/sertv.gob.pa\/nacionalfm\/wp-json\/wp\/v2\/posts\/78945\/revisions\/78947"}],"wp:featuredmedia":[{"embeddable":true,"href":"https:\/\/sertv.gob.pa\/nacionalfm\/wp-json\/wp\/v2\/media\/78946"}],"wp:attachment":[{"href":"https:\/\/sertv.gob.pa\/nacionalfm\/wp-json\/wp\/v2\/media?parent=78945"}],"wp:term":[{"taxonomy":"category","embeddable":true,"href":"https:\/\/sertv.gob.pa\/nacionalfm\/wp-json\/wp\/v2\/categories?post=78945"},{"taxonomy":"post_tag","embeddable":true,"href":"https:\/\/sertv.gob.pa\/nacionalfm\/wp-json\/wp\/v2\/tags?post=78945"}],"curies":[{"name":"wp","href":"https:\/\/api.w.org\/{rel}","templated":true}]}}