{"id":78959,"date":"2022-02-15T20:07:13","date_gmt":"2022-02-15T20:07:13","guid":{"rendered":"https:\/\/sertv.gob.pa\/nacionalfm\/?p=78959"},"modified":"2022-02-15T20:07:13","modified_gmt":"2022-02-15T20:07:13","slug":"la-inteligencia-estonia-senala-que-rusia-esta-preparada-para-lanzar-una-operacion-contra-ucrania","status":"publish","type":"post","link":"https:\/\/sertv.gob.pa\/nacionalfm\/la-inteligencia-estonia-senala-que-rusia-esta-preparada-para-lanzar-una-operacion-contra-ucrania\/","title":{"rendered":"La Inteligencia estonia se\u00f1ala que Rusia est\u00e1 \u00abpreparada\u00bb para lanzar una operaci\u00f3n contra Ucrania"},"content":{"rendered":"<p><strong>\u00a0<\/strong><\/p>\n<p><strong><em>TALL\u00cdN, (DPA\/EP) \u2013<\/em><\/strong><\/p>\n<p><strong><em>\u00a0<\/em><\/strong><\/p>\n<p>La Inteligencia de Estonia ha informado este martes de que Rusia est\u00e1 \u00abmilitarmente preparada\u00bb para lanzar una operaci\u00f3n militar a gran escala contra Ucrania en la segunda quincena de febrero.<\/p>\n<p>En su informe anual, presentado durante la jornada, la Inteligencia para el extranjero de Estonia ha indicado que, para esa fecha, Mosc\u00fa habr\u00e1 creado las condiciones necesarias y tendr\u00e1 las capacidades requeridas. Despu\u00e9s de eso, s\u00f3lo ser\u00e1 necesario que se tome la decisi\u00f3n de lanzar la operaci\u00f3n a nivel pol\u00edtico.<\/p>\n<p>El trabajo dice que Rusia ha movilizado a 150.000 soldados en la frontera con Ucrania desde oto\u00f1o y se trata de unidades de todos los grupos militares. Adem\u00e1s, como parte de los preparativos, Rusia ha enviado a unos 20.000 soldados a Bielorrusia. \u00abSe trata de la mayor acumulaci\u00f3n militar de Rusia en los \u00faltimos 30 a\u00f1os\u00bb, ha indicado la Inteligencia del pa\u00eds b\u00e1ltico.<\/p>\n<p>\u00abLa escalada en la frontera con Ucrania deteriora al seguridad de Europa en su conjunto y muestra c\u00f3mo la amenaza de una acci\u00f3n militar se ha convertido en la herramienta principal de la pol\u00edtica exterior rusa\u00bb, ha agregado el an\u00e1lisis.<\/p>\n<p>El Gobierno de Rusia ha anunciado este martes la retirada de parte de las tropas desplegadas cerca de la frontera con Ucrania tras finalizar las maniobras que estaban llevando a cabo en la zona, ante el repunte de las tensiones con el pa\u00eds vecino durante los \u00faltimos meses.<\/p>\n<p>La tensi\u00f3n en torno a Ucrania ha aumentado durante los \u00faltimos meses ante el despliegue de efectivos rusos junto a la frontera del pa\u00eds, lo que la comunidad internacional ha entendido como un posible preparativo de cara a una \u00abinvasi\u00f3n\u00bb. Rusia ha rechazado dichas acusaciones y ha acusado a la OTAN de incrementar la actividad militar en la zona.<\/p>\n<p>El ministro de Exteriores ruso, Sergei Lavrov, asegur\u00f3 el lunes que ve posible un acuerdo con Estados Unidos y la OTAN si \u00ablas propuestas de Rusia\u00bb en materia de seguridad \u00abson escuchadas\u00bb, si bien inst\u00f3 a seguir negociando. Mosc\u00fa rechaz\u00f3 la semana pasada la respuesta de Estados Unidos y la OTAN a sus propuestas.<\/p>\n<p>&nbsp;<\/p>\n<p>Fuente: DPA\/EP<\/p>\n","protected":false},"excerpt":{"rendered":"<p>\u00a0 TALL\u00cdN, (DPA\/EP) \u2013 \u00a0 La Inteligencia de Estonia ha <a href=\"https:\/\/sertv.gob.pa\/nacionalfm\/la-inteligencia-estonia-senala-que-rusia-esta-preparada-para-lanzar-una-operacion-contra-ucrania\/\"> [&#8230;]<\/a><\/p>\n","protected":false},"author":9,"featured_media":78960,"comment_status":"closed","ping_status":"closed","sticky":false,"template":"","format":"standard","meta":{"footnotes":""},"categories":[3],"tags":[],"class_list":["post-78959","post","type-post","status-publish","format-standard","has-post-thumbnail","hentry","category-internacionales"],"_links":{"self":[{"href":"https:\/\/sertv.gob.pa\/nacionalfm\/wp-json\/wp\/v2\/posts\/78959","targetHints":{"allow":["GET"]}}],"collection":[{"href":"https:\/\/sertv.gob.pa\/nacionalfm\/wp-json\/wp\/v2\/posts"}],"about":[{"href":"https:\/\/sertv.gob.pa\/nacionalfm\/wp-json\/wp\/v2\/types\/post"}],"author":[{"embeddable":true,"href":"https:\/\/sertv.gob.pa\/nacionalfm\/wp-json\/wp\/v2\/users\/9"}],"replies":[{"embeddable":true,"href":"https:\/\/sertv.gob.pa\/nacionalfm\/wp-json\/wp\/v2\/comments?post=78959"}],"version-history":[{"count":1,"href":"https:\/\/sertv.gob.pa\/nacionalfm\/wp-json\/wp\/v2\/posts\/78959\/revisions"}],"predecessor-version":[{"id":78961,"href":"https:\/\/sertv.gob.pa\/nacionalfm\/wp-json\/wp\/v2\/posts\/78959\/revisions\/78961"}],"wp:featuredmedia":[{"embeddable":true,"href":"https:\/\/sertv.gob.pa\/nacionalfm\/wp-json\/wp\/v2\/media\/78960"}],"wp:attachment":[{"href":"https:\/\/sertv.gob.pa\/nacionalfm\/wp-json\/wp\/v2\/media?parent=78959"}],"wp:term":[{"taxonomy":"category","embeddable":true,"href":"https:\/\/sertv.gob.pa\/nacionalfm\/wp-json\/wp\/v2\/categories?post=78959"},{"taxonomy":"post_tag","embeddable":true,"href":"https:\/\/sertv.gob.pa\/nacionalfm\/wp-json\/wp\/v2\/tags?post=78959"}],"curies":[{"name":"wp","href":"https:\/\/api.w.org\/{rel}","templated":true}]}}