{"id":7899,"date":"2015-10-02T18:51:03","date_gmt":"2015-10-02T18:51:03","guid":{"rendered":""},"modified":"2015-10-02T18:51:03","modified_gmt":"2015-10-02T18:51:03","slug":"netanyahu-deja-en-silencio-a-la-onu","status":"publish","type":"post","link":"https:\/\/sertv.gob.pa\/nacionalfm\/netanyahu-deja-en-silencio-a-la-onu\/","title":{"rendered":"Netanyahu deja en silencio a la ONU"},"content":{"rendered":"<p>\nEl primer ministro israel\u00ed, Benjam\u00edn Netanyahu, impuso un espectacular silencio ayer durante su discurso en la Asamblea General de la ONU, al denunciar el reciente acuerdo nuclear de las potencias mundiales con Ir\u00e1n. <\/p>\n<p>Netanyahu dijo que su gobierno &ldquo;har\u00e1 todo&rdquo; para defenderse de amenazas externas, y asegur\u00f3 que su gobierno est\u00e1 dispuesto a reanudar &ldquo;de inmediato&rdquo; las negociaciones de paz con la Autoridad Palestina. <\/p>\n<p>Poco despu\u00e9s de su intervenci\u00f3n en la ONU en Nueva York, palestinos mataron a balazos a dos israel\u00edes cerca de la ciudad de Naplusa, en Cisjordania ocupada. <\/p>\n<p>En un golpe de escena parecido al del dibujo sobre la bomba at\u00f3mica iran\u00ed que present\u00f3 en 2012, Netanyahu sorprendi\u00f3 al pleno de Naciones Unidas con un silencio de 45 segundos para que el mundo &ldquo;piense en lo que ha hecho&rdquo; sobre las amenazas de Teher\u00e1n de destruir al Estado hebreo. &ldquo;Setenta a\u00f1os despu\u00e9s del asesinato de 6 millones de jud\u00edos, los dirigentes iran\u00edes prometen destruir mi pa\u00eds, matar a mi pueblo, y la respuesta de esta asamblea, de casi todos los gobiernos presentes aqu\u00ed, ha sido inexistente. Silencio total. Silencio ensordecedor&rdquo;, lanz\u00f3. <\/p>\n<p>Lo que sigui\u00f3 fue un hecho poco usual en la Asamblea General de la ONU, donde los l\u00edderes tienen aconsejado hablar durante no m\u00e1s de 15 minutos, con Netanyahu callado y con gesto adusto y un hemiciclo mudo. &ldquo;Este es mi mensaje a los l\u00edderes de Ir\u00e1n: su plan para destruir a Israel fracasar\u00e1. Y este es mi mensaje a los pa\u00edses de la ONU: sean cuales sean las resoluciones que ustedes adopten en este recinto, Israel har\u00e1 todo para defender su Estado y su pueblo&rdquo;, retom\u00f3. <\/p>\n<p>Seg\u00fan Israel, el programa nuclear iran\u00ed tiene como objetivo la fabricaci\u00f3n de la bomba at\u00f3mica, una visi\u00f3n compartida por Estados Unidos y sus socios occidentales. Ir\u00e1n siempre ha dicho que su programa nuclear tiene exclusivos fines civiles. <\/p>\n","protected":false},"excerpt":{"rendered":"<p>El primer ministro israel\u00ed, Benjam\u00edn Netanyahu, impuso un espectacular silencio <a href=\"https:\/\/sertv.gob.pa\/nacionalfm\/netanyahu-deja-en-silencio-a-la-onu\/\"> [&#8230;]<\/a><\/p>\n","protected":false},"author":1,"featured_media":7900,"comment_status":"closed","ping_status":"closed","sticky":false,"template":"","format":"standard","meta":{"footnotes":""},"categories":[3],"tags":[],"class_list":["post-7899","post","type-post","status-publish","format-standard","has-post-thumbnail","hentry","category-internacionales"],"_links":{"self":[{"href":"https:\/\/sertv.gob.pa\/nacionalfm\/wp-json\/wp\/v2\/posts\/7899","targetHints":{"allow":["GET"]}}],"collection":[{"href":"https:\/\/sertv.gob.pa\/nacionalfm\/wp-json\/wp\/v2\/posts"}],"about":[{"href":"https:\/\/sertv.gob.pa\/nacionalfm\/wp-json\/wp\/v2\/types\/post"}],"author":[{"embeddable":true,"href":"https:\/\/sertv.gob.pa\/nacionalfm\/wp-json\/wp\/v2\/users\/1"}],"replies":[{"embeddable":true,"href":"https:\/\/sertv.gob.pa\/nacionalfm\/wp-json\/wp\/v2\/comments?post=7899"}],"version-history":[{"count":0,"href":"https:\/\/sertv.gob.pa\/nacionalfm\/wp-json\/wp\/v2\/posts\/7899\/revisions"}],"wp:featuredmedia":[{"embeddable":true,"href":"https:\/\/sertv.gob.pa\/nacionalfm\/wp-json\/wp\/v2\/media\/7900"}],"wp:attachment":[{"href":"https:\/\/sertv.gob.pa\/nacionalfm\/wp-json\/wp\/v2\/media?parent=7899"}],"wp:term":[{"taxonomy":"category","embeddable":true,"href":"https:\/\/sertv.gob.pa\/nacionalfm\/wp-json\/wp\/v2\/categories?post=7899"},{"taxonomy":"post_tag","embeddable":true,"href":"https:\/\/sertv.gob.pa\/nacionalfm\/wp-json\/wp\/v2\/tags?post=7899"}],"curies":[{"name":"wp","href":"https:\/\/api.w.org\/{rel}","templated":true}]}}