{"id":7901,"date":"2015-10-02T18:53:03","date_gmt":"2015-10-02T18:53:03","guid":{"rendered":""},"modified":"2015-10-02T18:53:03","modified_gmt":"2015-10-02T18:53:03","slug":"niegan-fusion-entre-hospitales-pediatricos","status":"publish","type":"post","link":"https:\/\/sertv.gob.pa\/nacionalfm\/niegan-fusion-entre-hospitales-pediatricos\/","title":{"rendered":"Niegan fusi\u00f3n entre hospitales pedi\u00e1tricos"},"content":{"rendered":"<p>\n\u00a0Stevenson Gir\u00f3n, director de la Caja de Seguro Social, \u00a0neg\u00f3 que vaya a dar una fusi\u00f3n entre el Hospital de Especialidades Pedi\u00e1tricas y el Hospital de El Ni\u00f1o. <\/p>\n<p>Stevenson a\u00f1adi\u00f3 que el pr\u00f3ximo martes, 6 de octubre, contin\u00faan las negociaciones con los m\u00e9dicos y personal del Hospital de Especialidades Pedi\u00e1tricas para definir el futuro de las instalaciones, ya que las actuales han quedado limitadas en espacio f\u00edsico. <\/p>\n<p>\u00abHay muchas alternativas, pero adem\u00e1s hay un buen ambiente de di\u00e1logo entre las partes\u00bb, sostuvo. <\/p>\n<p>En otro aspecto, manifest\u00f3 que las negociaciones para establecer un sistema integrado de salud contin\u00faan entre los representantes del Ministerio de Salud, CSS y los gremios m\u00e9dicos que tienen injerencia en este tema. <\/p>\n<p>El director general de la CSS expres\u00f3 que lo que se busca es un sistema de salud que sea m\u00e1s eficiente y equitativo para beneficio de la poblaci\u00f3n asegurada y no asegurada. <\/p>\n<p>\u00a0 <\/p>\n<p>\u00a0 <\/p>\n","protected":false},"excerpt":{"rendered":"<p>\u00a0Stevenson Gir\u00f3n, director de la Caja de Seguro Social, \u00a0neg\u00f3 <a href=\"https:\/\/sertv.gob.pa\/nacionalfm\/niegan-fusion-entre-hospitales-pediatricos\/\"> [&#8230;]<\/a><\/p>\n","protected":false},"author":1,"featured_media":7902,"comment_status":"closed","ping_status":"closed","sticky":false,"template":"","format":"standard","meta":{"footnotes":""},"categories":[5],"tags":[],"class_list":["post-7901","post","type-post","status-publish","format-standard","has-post-thumbnail","hentry","category-salud"],"_links":{"self":[{"href":"https:\/\/sertv.gob.pa\/nacionalfm\/wp-json\/wp\/v2\/posts\/7901","targetHints":{"allow":["GET"]}}],"collection":[{"href":"https:\/\/sertv.gob.pa\/nacionalfm\/wp-json\/wp\/v2\/posts"}],"about":[{"href":"https:\/\/sertv.gob.pa\/nacionalfm\/wp-json\/wp\/v2\/types\/post"}],"author":[{"embeddable":true,"href":"https:\/\/sertv.gob.pa\/nacionalfm\/wp-json\/wp\/v2\/users\/1"}],"replies":[{"embeddable":true,"href":"https:\/\/sertv.gob.pa\/nacionalfm\/wp-json\/wp\/v2\/comments?post=7901"}],"version-history":[{"count":0,"href":"https:\/\/sertv.gob.pa\/nacionalfm\/wp-json\/wp\/v2\/posts\/7901\/revisions"}],"wp:featuredmedia":[{"embeddable":true,"href":"https:\/\/sertv.gob.pa\/nacionalfm\/wp-json\/wp\/v2\/media\/7902"}],"wp:attachment":[{"href":"https:\/\/sertv.gob.pa\/nacionalfm\/wp-json\/wp\/v2\/media?parent=7901"}],"wp:term":[{"taxonomy":"category","embeddable":true,"href":"https:\/\/sertv.gob.pa\/nacionalfm\/wp-json\/wp\/v2\/categories?post=7901"},{"taxonomy":"post_tag","embeddable":true,"href":"https:\/\/sertv.gob.pa\/nacionalfm\/wp-json\/wp\/v2\/tags?post=7901"}],"curies":[{"name":"wp","href":"https:\/\/api.w.org\/{rel}","templated":true}]}}