{"id":79014,"date":"2022-02-16T19:01:31","date_gmt":"2022-02-16T19:01:31","guid":{"rendered":"https:\/\/sertv.gob.pa\/nacionalfm\/?p=79014"},"modified":"2022-02-16T19:01:31","modified_gmt":"2022-02-16T19:01:31","slug":"lukashenko-viajara-este-viernes-a-rusia-para-reunirse-con-putin","status":"publish","type":"post","link":"https:\/\/sertv.gob.pa\/nacionalfm\/lukashenko-viajara-este-viernes-a-rusia-para-reunirse-con-putin\/","title":{"rendered":"Lukashenko viajar\u00e1 este viernes a Rusia para reunirse con Putin"},"content":{"rendered":"<p><strong><em>MADRID, (EUROPA PRESS) \u2013<\/em><\/strong><\/p>\n<p><strong><em>\u00a0<\/em><\/strong><\/p>\n<p>El presidente de Bielorrusia, Alexander Lukashenko, viajar\u00e1 este viernes a Rusia para reunirse con su hom\u00f3logo ruso, Vladimir Putin, en el marco del aumento de la tensi\u00f3n por la cuesti\u00f3n ucraniana.<\/p>\n<p>Est\u00e1 previsto que ambos mantengan una serie de conversaciones en Mosc\u00fa, seg\u00fan ha informado la agencia de noticias bielorrusa BelTA. Los dos presidentes abordar\u00e1n, adem\u00e1s, cuestiones relacionadas con el comercio y la cooperaci\u00f3n econ\u00f3mica, adem\u00e1s de los distintos desaf\u00edos en la regi\u00f3n.<\/p>\n<p>Este mismo mi\u00e9rcoles, el ministro de Exteriores de Bielorrusia, Vladimir Makei, ha se\u00f1alado que el pa\u00eds est\u00e1 reconsiderando su pol\u00edtica exterior y sus \u00abprioridades en materia econ\u00f3mica\u00bb a nivel internacional.<\/p>\n<p>\u00abLa desestabilizaci\u00f3n de la situaci\u00f3n de seguridad a nivel internacional y la gravedad de la situaci\u00f3n pol\u00edtica y militar en la regi\u00f3n (&#8230;) nos ha obligado a prestar atenci\u00f3n al fortalecimiento de la capacidad de defensa del pa\u00eds\u00bb, ha aseverado.<\/p>\n<p>As\u00ed, ha manifestado que estos \u00abdesaf\u00edos y amenazas llevan a repensar la pol\u00edtica exterior y las prioridades\u00bb del pa\u00eds. Seg\u00fan ha explicado, la \u00abreducci\u00f3n de los lazos con varios pa\u00edses ha sido compensada por una cooperaci\u00f3n m\u00e1s intensa con aquellos estados y asociaciones dispuestos a cooperar sobre la base del respeto mutuo y la igualdad\u00bb.<\/p>\n<p>\u00abEl a\u00f1o pasado, Bielorrusia logr\u00f3 intensificar significativamente la cooperaci\u00f3n dentro del Estado de la Uni\u00f3n, la Uni\u00f3n Econ\u00f3mica Euroasi\u00e1tica (UEEA) y la Comunidad de Estados Independientes (CEI)\u00bb, ha sostenido antes de matizar que Bielorrusia ha seguido ampliando la cooperaci\u00f3n integral con China y otros pa\u00edses.<\/p>\n<p>No obstante, ha lamentado que el pa\u00eds haya tenido que responder a \u00abacciones poco amistosas por parte de la Uni\u00f3n Europea, (&#8230;) que ha limitado las importaciones de alimentos\u00bb.<\/p>\n<p>&nbsp;<\/p>\n<p>Fuente: DPA\/EP<\/p>\n<p>&nbsp;<\/p>\n","protected":false},"excerpt":{"rendered":"<p>MADRID, (EUROPA PRESS) \u2013 \u00a0 El presidente de Bielorrusia, Alexander <a href=\"https:\/\/sertv.gob.pa\/nacionalfm\/lukashenko-viajara-este-viernes-a-rusia-para-reunirse-con-putin\/\"> [&#8230;]<\/a><\/p>\n","protected":false},"author":9,"featured_media":79015,"comment_status":"closed","ping_status":"closed","sticky":false,"template":"","format":"standard","meta":{"footnotes":""},"categories":[3],"tags":[],"class_list":["post-79014","post","type-post","status-publish","format-standard","has-post-thumbnail","hentry","category-internacionales"],"_links":{"self":[{"href":"https:\/\/sertv.gob.pa\/nacionalfm\/wp-json\/wp\/v2\/posts\/79014","targetHints":{"allow":["GET"]}}],"collection":[{"href":"https:\/\/sertv.gob.pa\/nacionalfm\/wp-json\/wp\/v2\/posts"}],"about":[{"href":"https:\/\/sertv.gob.pa\/nacionalfm\/wp-json\/wp\/v2\/types\/post"}],"author":[{"embeddable":true,"href":"https:\/\/sertv.gob.pa\/nacionalfm\/wp-json\/wp\/v2\/users\/9"}],"replies":[{"embeddable":true,"href":"https:\/\/sertv.gob.pa\/nacionalfm\/wp-json\/wp\/v2\/comments?post=79014"}],"version-history":[{"count":1,"href":"https:\/\/sertv.gob.pa\/nacionalfm\/wp-json\/wp\/v2\/posts\/79014\/revisions"}],"predecessor-version":[{"id":79016,"href":"https:\/\/sertv.gob.pa\/nacionalfm\/wp-json\/wp\/v2\/posts\/79014\/revisions\/79016"}],"wp:featuredmedia":[{"embeddable":true,"href":"https:\/\/sertv.gob.pa\/nacionalfm\/wp-json\/wp\/v2\/media\/79015"}],"wp:attachment":[{"href":"https:\/\/sertv.gob.pa\/nacionalfm\/wp-json\/wp\/v2\/media?parent=79014"}],"wp:term":[{"taxonomy":"category","embeddable":true,"href":"https:\/\/sertv.gob.pa\/nacionalfm\/wp-json\/wp\/v2\/categories?post=79014"},{"taxonomy":"post_tag","embeddable":true,"href":"https:\/\/sertv.gob.pa\/nacionalfm\/wp-json\/wp\/v2\/tags?post=79014"}],"curies":[{"name":"wp","href":"https:\/\/api.w.org\/{rel}","templated":true}]}}