{"id":79060,"date":"2022-02-17T18:18:31","date_gmt":"2022-02-17T18:18:31","guid":{"rendered":"https:\/\/sertv.gob.pa\/nacionalfm\/?p=79060"},"modified":"2022-02-17T18:18:31","modified_gmt":"2022-02-17T18:18:31","slug":"la-onu-avisa-de-que-la-situacion-en-torno-a-ucrania-es-extremadamente-peligrosa","status":"publish","type":"post","link":"https:\/\/sertv.gob.pa\/nacionalfm\/la-onu-avisa-de-que-la-situacion-en-torno-a-ucrania-es-extremadamente-peligrosa\/","title":{"rendered":"La ONU avisa de que la situaci\u00f3n en torno a Ucrania es \u00abextremadamente peligrosa\u00bb"},"content":{"rendered":"<p><strong><em>NUEVA YORK, (DPA\/EP) \u2013<\/em><\/strong><\/p>\n<p><strong><em>\u00a0<\/em><\/strong><\/p>\n<p>La ONU ha advertido este jueves de que la situaci\u00f3n en torno a Ucrania es \u00abextremadamente peligrosa\u00bb, hasta el punto de que considera que no ha habido tensiones de este nivel desde el a\u00f1o 2014, cuando comenz\u00f3 el conflicto separatista en el Donb\u00e1s y Rusia se anexion\u00f3 la pen\u00ednsula de Crimea.<\/p>\n<p>\u00abAbundan la especulaci\u00f3n y las acusaciones sobre un potencial conflicto militar\u00bb, ha se\u00f1alado la secretaria general adjunta de la ONU para Asuntos Pol\u00edticos, Rosemary DiCarlo, que ha participado en una reuni\u00f3n del Consejo de Seguridad de Naciones Unidas.<\/p>\n<p>\u00abLa realidad es que la actual situaci\u00f3n es extremadamente peligrosa\u00bb, ha alertado DiCarlo, despu\u00e9s de que en las \u00faltimas horas se haya disparado el temor en Occidente a una potencial agresi\u00f3n inminente por parte de las fuerzas rusas sobre Ucrania.<\/p>\n<p>&nbsp;<\/p>\n<p>Fuente: DPA\/EP<\/p>\n","protected":false},"excerpt":{"rendered":"<p>NUEVA YORK, (DPA\/EP) \u2013 \u00a0 La ONU ha advertido este <a href=\"https:\/\/sertv.gob.pa\/nacionalfm\/la-onu-avisa-de-que-la-situacion-en-torno-a-ucrania-es-extremadamente-peligrosa\/\"> [&#8230;]<\/a><\/p>\n","protected":false},"author":9,"featured_media":79061,"comment_status":"closed","ping_status":"closed","sticky":false,"template":"","format":"standard","meta":{"footnotes":""},"categories":[3],"tags":[],"class_list":["post-79060","post","type-post","status-publish","format-standard","has-post-thumbnail","hentry","category-internacionales"],"_links":{"self":[{"href":"https:\/\/sertv.gob.pa\/nacionalfm\/wp-json\/wp\/v2\/posts\/79060","targetHints":{"allow":["GET"]}}],"collection":[{"href":"https:\/\/sertv.gob.pa\/nacionalfm\/wp-json\/wp\/v2\/posts"}],"about":[{"href":"https:\/\/sertv.gob.pa\/nacionalfm\/wp-json\/wp\/v2\/types\/post"}],"author":[{"embeddable":true,"href":"https:\/\/sertv.gob.pa\/nacionalfm\/wp-json\/wp\/v2\/users\/9"}],"replies":[{"embeddable":true,"href":"https:\/\/sertv.gob.pa\/nacionalfm\/wp-json\/wp\/v2\/comments?post=79060"}],"version-history":[{"count":1,"href":"https:\/\/sertv.gob.pa\/nacionalfm\/wp-json\/wp\/v2\/posts\/79060\/revisions"}],"predecessor-version":[{"id":79062,"href":"https:\/\/sertv.gob.pa\/nacionalfm\/wp-json\/wp\/v2\/posts\/79060\/revisions\/79062"}],"wp:featuredmedia":[{"embeddable":true,"href":"https:\/\/sertv.gob.pa\/nacionalfm\/wp-json\/wp\/v2\/media\/79061"}],"wp:attachment":[{"href":"https:\/\/sertv.gob.pa\/nacionalfm\/wp-json\/wp\/v2\/media?parent=79060"}],"wp:term":[{"taxonomy":"category","embeddable":true,"href":"https:\/\/sertv.gob.pa\/nacionalfm\/wp-json\/wp\/v2\/categories?post=79060"},{"taxonomy":"post_tag","embeddable":true,"href":"https:\/\/sertv.gob.pa\/nacionalfm\/wp-json\/wp\/v2\/tags?post=79060"}],"curies":[{"name":"wp","href":"https:\/\/api.w.org\/{rel}","templated":true}]}}