{"id":79063,"date":"2022-02-17T18:35:17","date_gmt":"2022-02-17T18:35:17","guid":{"rendered":"https:\/\/sertv.gob.pa\/nacionalfm\/?p=79063"},"modified":"2022-02-17T18:35:17","modified_gmt":"2022-02-17T18:35:17","slug":"eeuu-enviara-entre-100-y-150-soldados-de-alemania-a-bulgaria-para-un-entrenamiento-conjunto","status":"publish","type":"post","link":"https:\/\/sertv.gob.pa\/nacionalfm\/eeuu-enviara-entre-100-y-150-soldados-de-alemania-a-bulgaria-para-un-entrenamiento-conjunto\/","title":{"rendered":"EEUU enviar\u00e1 entre 100 y 150 soldados de Alemania a Bulgaria para un \u00abentrenamiento conjunto\u00bb"},"content":{"rendered":"<p><strong><em>MADRID, (EUROPA PRESS) \u2013<\/em><\/strong><\/p>\n<p><strong><em>\u00a0<\/em><\/strong><\/p>\n<p>El Ej\u00e9rcito de Estados Unidos destinar\u00e1 a Bulgaria a un grupo de entre cien y 150 soldados desde Alemania en el marco del \u00abentrenamiento conjunto\u00bb entre las fuerzas estadounidenses y b\u00falgaras.<\/p>\n<p>El Ministerio de Defensa de Bulgaria ha emitido un comunicado en el que remarca que las labores conjuntas continuar\u00e1n en el campo de entrenamiento situado en el municipio de Novo Selo, en el extremo noroeste del pa\u00eds, y en principio se prolongar\u00e1n hasta finales del mes de julio.<\/p>\n<p>El env\u00edo de tropas estadounidenses ir\u00e1 adem\u00e1s acompa\u00f1ado del equipo y municiones necesarias, as\u00ed como hasta quince veh\u00edculos de combate de infanter\u00eda, seg\u00fan han apuntado desde el Gobierno b\u00falgaro.<\/p>\n<p>\u00abLos ejercicios y entrenamientos conjuntos suelen ser a corto plazo y ayudan a garantizar nuestra preparaci\u00f3n e interoperabilidad como aliados de la OTAN\u00bb, ha a\u00f1adido la cartera de Defensa.<\/p>\n<p>Finalmente, han explicado que esta \u00abrotaci\u00f3n consecutiva de tropas\u00bb se enmarca dentro de los t\u00e9rminos alcanzados en 2006 en el Acuerdo de Cooperaci\u00f3n en el Campo de la Defensa, y han puesto en valor que sirven para \u00abadaptarse al entorno de seguridad cambiante\u00bb y expresar la contribuci\u00f3n b\u00falgara a la \u00abdefensa colectiva\u00bb.<\/p>\n<p>&nbsp;<\/p>\n<p>Fuente: EUROPA PRESS<\/p>\n","protected":false},"excerpt":{"rendered":"<p>MADRID, (EUROPA PRESS) \u2013 \u00a0 El Ej\u00e9rcito de Estados Unidos <a href=\"https:\/\/sertv.gob.pa\/nacionalfm\/eeuu-enviara-entre-100-y-150-soldados-de-alemania-a-bulgaria-para-un-entrenamiento-conjunto\/\"> [&#8230;]<\/a><\/p>\n","protected":false},"author":9,"featured_media":79064,"comment_status":"closed","ping_status":"closed","sticky":false,"template":"","format":"standard","meta":{"footnotes":""},"categories":[3],"tags":[],"class_list":["post-79063","post","type-post","status-publish","format-standard","has-post-thumbnail","hentry","category-internacionales"],"_links":{"self":[{"href":"https:\/\/sertv.gob.pa\/nacionalfm\/wp-json\/wp\/v2\/posts\/79063","targetHints":{"allow":["GET"]}}],"collection":[{"href":"https:\/\/sertv.gob.pa\/nacionalfm\/wp-json\/wp\/v2\/posts"}],"about":[{"href":"https:\/\/sertv.gob.pa\/nacionalfm\/wp-json\/wp\/v2\/types\/post"}],"author":[{"embeddable":true,"href":"https:\/\/sertv.gob.pa\/nacionalfm\/wp-json\/wp\/v2\/users\/9"}],"replies":[{"embeddable":true,"href":"https:\/\/sertv.gob.pa\/nacionalfm\/wp-json\/wp\/v2\/comments?post=79063"}],"version-history":[{"count":1,"href":"https:\/\/sertv.gob.pa\/nacionalfm\/wp-json\/wp\/v2\/posts\/79063\/revisions"}],"predecessor-version":[{"id":79065,"href":"https:\/\/sertv.gob.pa\/nacionalfm\/wp-json\/wp\/v2\/posts\/79063\/revisions\/79065"}],"wp:featuredmedia":[{"embeddable":true,"href":"https:\/\/sertv.gob.pa\/nacionalfm\/wp-json\/wp\/v2\/media\/79064"}],"wp:attachment":[{"href":"https:\/\/sertv.gob.pa\/nacionalfm\/wp-json\/wp\/v2\/media?parent=79063"}],"wp:term":[{"taxonomy":"category","embeddable":true,"href":"https:\/\/sertv.gob.pa\/nacionalfm\/wp-json\/wp\/v2\/categories?post=79063"},{"taxonomy":"post_tag","embeddable":true,"href":"https:\/\/sertv.gob.pa\/nacionalfm\/wp-json\/wp\/v2\/tags?post=79063"}],"curies":[{"name":"wp","href":"https:\/\/api.w.org\/{rel}","templated":true}]}}