{"id":79094,"date":"2022-02-18T16:00:55","date_gmt":"2022-02-18T16:00:55","guid":{"rendered":"https:\/\/sertv.gob.pa\/nacionalfm\/?p=79094"},"modified":"2022-02-18T16:00:55","modified_gmt":"2022-02-18T16:00:55","slug":"nuevas-instalaciones-de-la-escuela-republica-de-costa-rica-auguran-futuro-alentador-para-la-ninez-chorrerana","status":"publish","type":"post","link":"https:\/\/sertv.gob.pa\/nacionalfm\/nuevas-instalaciones-de-la-escuela-republica-de-costa-rica-auguran-futuro-alentador-para-la-ninez-chorrerana\/","title":{"rendered":"Nuevas instalaciones de la Escuela Rep\u00fablica de Costa Rica auguran futuro alentador para la ni\u00f1ez chorrerana"},"content":{"rendered":"<p>El viernes, 11 de febrero de 2022, fue inaugurada por el presidente de la Rep\u00fablica de Panam\u00e1, Laurentino Cortizo Cohen, junto con la ministra de Educaci\u00f3n, Maruja Gorday de Villalobos, <strong><em>la Escuela Biling\u00fce Rep\u00fablica de Costa Rica, ubicada en La Chorrera, la cual cuenta con una poblaci\u00f3n de 2,500 estudiantes y 132 docentes.<\/em><\/strong><\/p>\n<p>La obra de este renovado plantel escolar, con sede en el corregimiento de Barrio Balboa, tiene ahora extensos pabellones con planta baja y dos niveles, adem\u00e1s de ascensor, suma 33 aulas te\u00f3ricas, cuatro de preescolar, dos de apoyo, dos laboratorios de inform\u00e1tica, uno de lenguas y otro de ciencias, biblioteca, comedor, enfermer\u00eda, odontolog\u00eda, oficinas administrativas, sal\u00f3n de profesores, entre otras secciones, seg\u00fan el Viceministerio de Infraestructura de Educaci\u00f3n.<\/p>\n<p>Los trabajos de construcci\u00f3n de este centro educativo, construido con un presupuesto que super\u00f3 los 13 millones de balboas, se iniciaron con la demolici\u00f3n de las vetustas estructuras y, adem\u00e1s de los espacios descritos arriba, posee cafeter\u00eda, \u00e1rea para trabajadores manuales, alarma y sistema h\u00famedo contra incendios, auditorio, gimnasio, dos canchas sint\u00e9ticas con vestidores y ba\u00f1os y otras facilidades.<\/p>\n<p>En representaci\u00f3n de los casi 2,500 matriculados en el colegio, Jos\u00e9 Luis Archibold Tu\u00f1\u00f3n, estudiante de sexto grado, dio la bienvenida y agradeci\u00f3 por c\u00f3mo luce su nueva escuela al mandatario, a la ministra del ramo y a las autoridades regionales de varias instituciones.<\/p>\n<p>\u201cAgradecemos su inter\u00e9s de estar aqu\u00ed hoy, con su equipo de trabajo, para hacer la entrega de nuestra nueva escuela. Lo invito a seguir trabajando para que los ni\u00f1os y j\u00f3venes de Panam\u00e1, puedan disfrutar de espacios dignos como los que hoy recibimos para ser grandes profesionales. Mi sue\u00f1o, es ser ingeniero, y s\u00e9 que lo voy a lograr, como usted, que hoy es presidente de Panam\u00e1. Que Dios lo bendiga, muchas gracias\u201d, concluy\u00f3 Archibold Tu\u00f1\u00f3n.<\/p>\n<p>Antes de inaugurar el colegio, localizado en la provincia de Panam\u00e1 Oeste y atendido por 21 funcionarios administrativos, el mandatario y la ministra, hicieron un recorrido por el proyecto de la Escuela Pedro Pablo S\u00e1nchez, cuyas obras est\u00e1n pr\u00f3ximas a terminar, lo que brinda una nueva y ampl\u00edsima instalaci\u00f3n educativa a los escolares chorreranos.<\/p>\n<p>Como parte de la Gira de Trabajo Comunitario (GTC) del gobernante, en este colegio, se distribuyeron elementos que son parte de programas del Gobierno Nacional como: tableros digitales, uno para cada una de las escuelas Biling\u00fce Rep\u00fablica de Costa Rica, Colinas de C\u00e1ceres, La Mitra, Aminta Mart\u00ednez, Centro Educativo San Carlos y el Centro de Educaci\u00f3n B\u00e1sica General La Herradura. Se invirtieron 23,250 balboas en estas pizarras tecnol\u00f3gicas.<\/p>\n<p>Tambi\u00e9n se entregaron becas, computadoras, Capital Semilla, mochilas Cuidarte, implementos deportivos, certificados de capacitaci\u00f3n, tambi\u00e9n componentes del programa Transformando Vidas, entre otros. Adem\u00e1s del gobernante y la ministra, a la GTC acudieron, el viceministro de Infraestructura en Educaci\u00f3n, Ricardo S\u00e1nchez; el director Regional de Educaci\u00f3n de Panam\u00e1 Oeste, Oscar Herrera; funcionarios regionales e invitados de la provincia de Panam\u00e1 Oeste.<\/p>\n<p>&nbsp;<\/p>\n<p>Fuente: MEDUCA<\/p>\n","protected":false},"excerpt":{"rendered":"<p>El viernes, 11 de febrero de 2022, fue inaugurada por <a href=\"https:\/\/sertv.gob.pa\/nacionalfm\/nuevas-instalaciones-de-la-escuela-republica-de-costa-rica-auguran-futuro-alentador-para-la-ninez-chorrerana\/\"> [&#8230;]<\/a><\/p>\n","protected":false},"author":9,"featured_media":79095,"comment_status":"closed","ping_status":"closed","sticky":false,"template":"","format":"standard","meta":{"footnotes":""},"categories":[2],"tags":[],"class_list":["post-79094","post","type-post","status-publish","format-standard","has-post-thumbnail","hentry","category-nacionales"],"_links":{"self":[{"href":"https:\/\/sertv.gob.pa\/nacionalfm\/wp-json\/wp\/v2\/posts\/79094","targetHints":{"allow":["GET"]}}],"collection":[{"href":"https:\/\/sertv.gob.pa\/nacionalfm\/wp-json\/wp\/v2\/posts"}],"about":[{"href":"https:\/\/sertv.gob.pa\/nacionalfm\/wp-json\/wp\/v2\/types\/post"}],"author":[{"embeddable":true,"href":"https:\/\/sertv.gob.pa\/nacionalfm\/wp-json\/wp\/v2\/users\/9"}],"replies":[{"embeddable":true,"href":"https:\/\/sertv.gob.pa\/nacionalfm\/wp-json\/wp\/v2\/comments?post=79094"}],"version-history":[{"count":1,"href":"https:\/\/sertv.gob.pa\/nacionalfm\/wp-json\/wp\/v2\/posts\/79094\/revisions"}],"predecessor-version":[{"id":79100,"href":"https:\/\/sertv.gob.pa\/nacionalfm\/wp-json\/wp\/v2\/posts\/79094\/revisions\/79100"}],"wp:featuredmedia":[{"embeddable":true,"href":"https:\/\/sertv.gob.pa\/nacionalfm\/wp-json\/wp\/v2\/media\/79095"}],"wp:attachment":[{"href":"https:\/\/sertv.gob.pa\/nacionalfm\/wp-json\/wp\/v2\/media?parent=79094"}],"wp:term":[{"taxonomy":"category","embeddable":true,"href":"https:\/\/sertv.gob.pa\/nacionalfm\/wp-json\/wp\/v2\/categories?post=79094"},{"taxonomy":"post_tag","embeddable":true,"href":"https:\/\/sertv.gob.pa\/nacionalfm\/wp-json\/wp\/v2\/tags?post=79094"}],"curies":[{"name":"wp","href":"https:\/\/api.w.org\/{rel}","templated":true}]}}