{"id":791,"date":"2014-08-05T05:00:00","date_gmt":"2014-08-05T05:00:00","guid":{"rendered":""},"modified":"2014-08-05T05:00:00","modified_gmt":"2014-08-05T05:00:00","slug":"94-casos-de-chikungunya-son-reportados-en-venezuela","status":"publish","type":"post","link":"https:\/\/sertv.gob.pa\/nacionalfm\/94-casos-de-chikungunya-son-reportados-en-venezuela\/","title":{"rendered":"94 casos de chikungunya son reportados en Venezuela"},"content":{"rendered":"<p>\nEl ministerio de Salud de Venezuela inform\u00f3 \u00a0que hasta el momento se contabilizan 94 casos de chikungunya en el pa\u00eds y que 8 de ellos fueron reportados en la \u00faltima semana. <\/p>\n<p>Jes\u00fas Toro, titular de la direcci\u00f3n general de Salud Ambiental, precis\u00f3 en un comunicado que ya suman 59 los casos de la enfermedad \u00abimportados de las islas del Caribe\u00bb y 35 los de transmisi\u00f3n local. <\/p>\n<p>No existe vacuna para el virus, que es transmitido por un mosquito y provoca s\u00edntomas parecidos al dengue. <\/p>\n<p>Esta semana, la Organizaci\u00f3n Panamericana de Salud (OPS) advirti\u00f3 sobre la rapidez del contagio en el Caribe. <\/p>\n<p>Ya se han reportado casos en pa\u00edses como Per\u00fa, Cuba, Costa Rica y -sobre todo- Hait\u00ed y Rep\u00fablica Dominicana.\u00a0 @nacionalFm <\/p>\n<p>\u00a0 <\/p>\n","protected":false},"excerpt":{"rendered":"<p>El ministerio de Salud de Venezuela inform\u00f3 \u00a0que hasta el <a href=\"https:\/\/sertv.gob.pa\/nacionalfm\/94-casos-de-chikungunya-son-reportados-en-venezuela\/\"> [&#8230;]<\/a><\/p>\n","protected":false},"author":1,"featured_media":792,"comment_status":"closed","ping_status":"closed","sticky":false,"template":"","format":"standard","meta":{"footnotes":""},"categories":[5],"tags":[],"class_list":["post-791","post","type-post","status-publish","format-standard","has-post-thumbnail","hentry","category-salud"],"_links":{"self":[{"href":"https:\/\/sertv.gob.pa\/nacionalfm\/wp-json\/wp\/v2\/posts\/791","targetHints":{"allow":["GET"]}}],"collection":[{"href":"https:\/\/sertv.gob.pa\/nacionalfm\/wp-json\/wp\/v2\/posts"}],"about":[{"href":"https:\/\/sertv.gob.pa\/nacionalfm\/wp-json\/wp\/v2\/types\/post"}],"author":[{"embeddable":true,"href":"https:\/\/sertv.gob.pa\/nacionalfm\/wp-json\/wp\/v2\/users\/1"}],"replies":[{"embeddable":true,"href":"https:\/\/sertv.gob.pa\/nacionalfm\/wp-json\/wp\/v2\/comments?post=791"}],"version-history":[{"count":0,"href":"https:\/\/sertv.gob.pa\/nacionalfm\/wp-json\/wp\/v2\/posts\/791\/revisions"}],"wp:featuredmedia":[{"embeddable":true,"href":"https:\/\/sertv.gob.pa\/nacionalfm\/wp-json\/wp\/v2\/media\/792"}],"wp:attachment":[{"href":"https:\/\/sertv.gob.pa\/nacionalfm\/wp-json\/wp\/v2\/media?parent=791"}],"wp:term":[{"taxonomy":"category","embeddable":true,"href":"https:\/\/sertv.gob.pa\/nacionalfm\/wp-json\/wp\/v2\/categories?post=791"},{"taxonomy":"post_tag","embeddable":true,"href":"https:\/\/sertv.gob.pa\/nacionalfm\/wp-json\/wp\/v2\/tags?post=791"}],"curies":[{"name":"wp","href":"https:\/\/api.w.org\/{rel}","templated":true}]}}