{"id":79101,"date":"2022-02-18T16:51:51","date_gmt":"2022-02-18T16:51:51","guid":{"rendered":"https:\/\/sertv.gob.pa\/nacionalfm\/?p=79101"},"modified":"2022-02-18T16:51:51","modified_gmt":"2022-02-18T16:51:51","slug":"al-menos-once-desaparecidos-por-un-incendio-en-un-ferry-con-casi-300-personas-a-bordo-frente-a-corfu","status":"publish","type":"post","link":"https:\/\/sertv.gob.pa\/nacionalfm\/al-menos-once-desaparecidos-por-un-incendio-en-un-ferry-con-casi-300-personas-a-bordo-frente-a-corfu\/","title":{"rendered":"Al menos once desaparecidos por un incendio en un ferry con casi 300 personas a bordo frente a Corf\u00fa"},"content":{"rendered":"<p><strong><em>MADRID, (EUROPA PRESS) \u2013<\/em><\/strong><\/p>\n<p>&nbsp;<\/p>\n<p>Al menos once personas siguen desaparecidas tras un incendio registrado en la madrugada de este viernes en una embarcaci\u00f3n que llevaba 290 personas a bordo &#8211;239 pasajeros y 51 miembros de la tripulaci\u00f3n&#8211; cerca de la isla griega de Corf\u00fa.<\/p>\n<p>La Guardia Costera ha se\u00f1alado que la mayor\u00eda de los pasajeros que se encontraban en el Euroferry Olympia, de bandera italiana, han sido rescatados y han desembarcado en Cof\u00fa, donde hab\u00eda varias ambulancias esperando.<\/p>\n<p>La empresa due\u00f1a del barco ha se\u00f1alado que a bordo del mismo hab\u00eda adem\u00e1s 153 camiones y remolques, as\u00ed como 32 turismos, seg\u00fan informaciones del diario &#8216;Kathimerini&#8217;. Uno de los pasajeros ha aplaudido la \u00abr\u00e1pida actuaci\u00f3n\u00bb de la tripulaci\u00f3n, quienes habr\u00edan salvado la vida de la mayor\u00eda de los pasajeros.<\/p>\n<p>El barco hab\u00eda partido de Igoumenitsa, el mayor puerto del oeste de Grecia, y se dirig\u00eda a la ciudad italiana de Brindisi. El fuego, cuyas causas se desconocen, se inici\u00f3 cuando la embarcaci\u00f3n navegaba cerca de Corf\u00fa.<\/p>\n<p>&nbsp;<\/p>\n<p>Fuente: EUROPA PRESS<\/p>\n<p>&nbsp;<\/p>\n","protected":false},"excerpt":{"rendered":"<p>MADRID, (EUROPA PRESS) \u2013 &nbsp; Al menos once personas siguen <a href=\"https:\/\/sertv.gob.pa\/nacionalfm\/al-menos-once-desaparecidos-por-un-incendio-en-un-ferry-con-casi-300-personas-a-bordo-frente-a-corfu\/\"> [&#8230;]<\/a><\/p>\n","protected":false},"author":9,"featured_media":79102,"comment_status":"closed","ping_status":"closed","sticky":false,"template":"","format":"standard","meta":{"footnotes":""},"categories":[3],"tags":[],"class_list":["post-79101","post","type-post","status-publish","format-standard","has-post-thumbnail","hentry","category-internacionales"],"_links":{"self":[{"href":"https:\/\/sertv.gob.pa\/nacionalfm\/wp-json\/wp\/v2\/posts\/79101","targetHints":{"allow":["GET"]}}],"collection":[{"href":"https:\/\/sertv.gob.pa\/nacionalfm\/wp-json\/wp\/v2\/posts"}],"about":[{"href":"https:\/\/sertv.gob.pa\/nacionalfm\/wp-json\/wp\/v2\/types\/post"}],"author":[{"embeddable":true,"href":"https:\/\/sertv.gob.pa\/nacionalfm\/wp-json\/wp\/v2\/users\/9"}],"replies":[{"embeddable":true,"href":"https:\/\/sertv.gob.pa\/nacionalfm\/wp-json\/wp\/v2\/comments?post=79101"}],"version-history":[{"count":1,"href":"https:\/\/sertv.gob.pa\/nacionalfm\/wp-json\/wp\/v2\/posts\/79101\/revisions"}],"predecessor-version":[{"id":79105,"href":"https:\/\/sertv.gob.pa\/nacionalfm\/wp-json\/wp\/v2\/posts\/79101\/revisions\/79105"}],"wp:featuredmedia":[{"embeddable":true,"href":"https:\/\/sertv.gob.pa\/nacionalfm\/wp-json\/wp\/v2\/media\/79102"}],"wp:attachment":[{"href":"https:\/\/sertv.gob.pa\/nacionalfm\/wp-json\/wp\/v2\/media?parent=79101"}],"wp:term":[{"taxonomy":"category","embeddable":true,"href":"https:\/\/sertv.gob.pa\/nacionalfm\/wp-json\/wp\/v2\/categories?post=79101"},{"taxonomy":"post_tag","embeddable":true,"href":"https:\/\/sertv.gob.pa\/nacionalfm\/wp-json\/wp\/v2\/tags?post=79101"}],"curies":[{"name":"wp","href":"https:\/\/api.w.org\/{rel}","templated":true}]}}