{"id":79106,"date":"2022-02-18T18:03:38","date_gmt":"2022-02-18T18:03:38","guid":{"rendered":"https:\/\/sertv.gob.pa\/nacionalfm\/?p=79106"},"modified":"2022-02-18T18:03:38","modified_gmt":"2022-02-18T18:03:38","slug":"blinken-insiste-en-la-idea-de-que-rusia-crea-falsas-provocaciones-para-tener-que-responder","status":"publish","type":"post","link":"https:\/\/sertv.gob.pa\/nacionalfm\/blinken-insiste-en-la-idea-de-que-rusia-crea-falsas-provocaciones-para-tener-que-responder\/","title":{"rendered":"Blinken insiste en la idea de que Rusia crea \u00abfalsas provocaciones\u00bb para \u00abtener que responder\u00bb"},"content":{"rendered":"<p><strong><em>MADRID, (EUROPA PRESS) &#8211;<\/em><\/strong><\/p>\n<p>&nbsp;<\/p>\n<p>El secretario de Estado de Estados Unidos, Antony Blinken, ha reiterado este viernes que Rusia crea \u00abfalsas provocaciones\u00bb en el este de Ucrania para \u00abtener que responder\u00bb y, en \u00faltima instancia, \u00abcometer una nueva agresi\u00f3n\u00bb contra el pa\u00eds.<\/p>\n<p>Seg\u00fan ha indicado Blinken en la Conferencia de Seguridad de M\u00fanich, las \u00abt\u00e1cticas coercitivas\u00bb de Rusia contra Ucrania ya est\u00e1n en funcionamiento, incluida la adici\u00f3n de \u00abtropas de vanguardia\u00bb a sus efectivos cerca de la frontera con el pa\u00eds.<\/p>\n<p>No obstante, ha remarcado que las acciones de Rusia de los \u00faltimos d\u00edas han puesto sobre alerta a Estados Unidos. \u00abLos hechos son que, a pesar de que Rusia ha dicho en los \u00faltimos d\u00edas sobre replegar sus fuerzas de la frontera, esto no ha pasado\u00bb, ha aseverado el representante de la diplomacia estadounidense, que ha remarcado que, por el contrario, hay \u00abfuerzas adicionales\u00bb desplaz\u00e1ndose hacia la frontera.<\/p>\n<p>Blinken ha reafirmado que Estados Unidos hace \u00abtodo\u00bb lo posible para clarificar que la v\u00eda diplom\u00e1tica sigue abierta, pero ha mostrado su \u00abprofunda preocupaci\u00f3n\u00bb por que Mosc\u00fa decida no escoger ese camino, seg\u00fan ha recogido la cadena de televisi\u00f3n CNN.<\/p>\n<p>\u00abIncluso haciendo todo lo posible para dejar claro que hay una v\u00eda diplom\u00e1tica, que esto tiene que resolverse, que las diferencias tienen que resolverse con di\u00e1logo, diplomacia, estamos profundamente preocupados por que Rusia no haya elegido ese camino\u00bb, ha dicho.<\/p>\n<p>La vicepresidenta de Estados Unidos, Kamala Harris, ha reiterado el apoyo de Washington a la diplomacia para aliviar las tensiones con Rusia en la misma cita. La tensi\u00f3n en torno a Ucrania ha aumentado durante los \u00faltimos meses ante el despliegue de efectivos rusos junto a la frontera del pa\u00eds, lo que la comunidad internacional ha entendido como un posible preparativo de cara a una \u00abinvasi\u00f3n\u00bb. Rusia ha rechazado dichas acusaciones y ha acusado a la OTAN de incrementar la actividad militar en la zona.<\/p>\n<p>&nbsp;<\/p>\n<p>Fuente: EUROPA PRESS<\/p>\n<p>&nbsp;<\/p>\n","protected":false},"excerpt":{"rendered":"<p>MADRID, (EUROPA PRESS) &#8211; &nbsp; El secretario de Estado de <a href=\"https:\/\/sertv.gob.pa\/nacionalfm\/blinken-insiste-en-la-idea-de-que-rusia-crea-falsas-provocaciones-para-tener-que-responder\/\"> [&#8230;]<\/a><\/p>\n","protected":false},"author":9,"featured_media":79107,"comment_status":"closed","ping_status":"closed","sticky":false,"template":"","format":"standard","meta":{"footnotes":""},"categories":[3],"tags":[],"class_list":["post-79106","post","type-post","status-publish","format-standard","has-post-thumbnail","hentry","category-internacionales"],"_links":{"self":[{"href":"https:\/\/sertv.gob.pa\/nacionalfm\/wp-json\/wp\/v2\/posts\/79106","targetHints":{"allow":["GET"]}}],"collection":[{"href":"https:\/\/sertv.gob.pa\/nacionalfm\/wp-json\/wp\/v2\/posts"}],"about":[{"href":"https:\/\/sertv.gob.pa\/nacionalfm\/wp-json\/wp\/v2\/types\/post"}],"author":[{"embeddable":true,"href":"https:\/\/sertv.gob.pa\/nacionalfm\/wp-json\/wp\/v2\/users\/9"}],"replies":[{"embeddable":true,"href":"https:\/\/sertv.gob.pa\/nacionalfm\/wp-json\/wp\/v2\/comments?post=79106"}],"version-history":[{"count":1,"href":"https:\/\/sertv.gob.pa\/nacionalfm\/wp-json\/wp\/v2\/posts\/79106\/revisions"}],"predecessor-version":[{"id":79108,"href":"https:\/\/sertv.gob.pa\/nacionalfm\/wp-json\/wp\/v2\/posts\/79106\/revisions\/79108"}],"wp:featuredmedia":[{"embeddable":true,"href":"https:\/\/sertv.gob.pa\/nacionalfm\/wp-json\/wp\/v2\/media\/79107"}],"wp:attachment":[{"href":"https:\/\/sertv.gob.pa\/nacionalfm\/wp-json\/wp\/v2\/media?parent=79106"}],"wp:term":[{"taxonomy":"category","embeddable":true,"href":"https:\/\/sertv.gob.pa\/nacionalfm\/wp-json\/wp\/v2\/categories?post=79106"},{"taxonomy":"post_tag","embeddable":true,"href":"https:\/\/sertv.gob.pa\/nacionalfm\/wp-json\/wp\/v2\/tags?post=79106"}],"curies":[{"name":"wp","href":"https:\/\/api.w.org\/{rel}","templated":true}]}}