{"id":79172,"date":"2022-02-21T20:40:16","date_gmt":"2022-02-21T20:40:16","guid":{"rendered":"https:\/\/sertv.gob.pa\/nacionalfm\/?p=79172"},"modified":"2022-02-21T20:40:16","modified_gmt":"2022-02-21T20:40:16","slug":"msf-denuncia-dos-civiles-muertos-en-un-bombardeo-en-yemen","status":"publish","type":"post","link":"https:\/\/sertv.gob.pa\/nacionalfm\/msf-denuncia-dos-civiles-muertos-en-un-bombardeo-en-yemen\/","title":{"rendered":"MSF denuncia dos civiles muertos en un bombardeo en Yemen"},"content":{"rendered":"<p><strong><em>MADRID, (EUROPA PRESS) \u2013<\/em><\/strong><\/p>\n<p>&nbsp;<\/p>\n<p>Una ni\u00f1a de doce a\u00f1os y una mujer de 50 han muerto y diez personas m\u00e1s, todas ellas civiles, han resultado heridas en un bombardeo en la provincia yemen\u00ed de Hajjah, en el norte del pa\u00eds, seg\u00fan ha denunciado M\u00e9dicos Sin Fronteras (MSF).<\/p>\n<p>\u00abTras el bombardeo en la gobernaci\u00f3n de Hajjah de Yemen un equipo de MSF en el Hospital General de Abs ha recibido a una ni\u00f1a de doce a\u00f1os y una mujer de 50, ambas muertas, y a diez civiles heridos, la mayor\u00eda mujeres y ni\u00f1os, incluida una mujer embarazada\u00bb, ha informado la organizaci\u00f3n humanitaria en un comunicado.<\/p>\n<p>El bombardeo se produjo en la noche del 21 de febrero en la regi\u00f3n de Al Yar, en el distrito de Abs, seg\u00fan MSF, que recuerda que esta zona ha registrado un importante aumento de heridos debido a un incremento de la actividad militar iniciada el 17 de febrero.<\/p>\n<p>\u00abEn los \u00faltimos meses se han incrementado los combates en la gobernaci\u00f3n de Hajjah y en otros frentes en Yemen, lo que hace temer por la seguridad de una poblaci\u00f3n ya afectada por a\u00f1os de conflicto y desplazamiento\u00bb, ha alertado MSF en un comunicado firmado el director de la misi\u00f3n de MSF en Yemen, Thomas Curbillon.<\/p>\n<p>Por ello, el grupo insta a las partes en conflicto a cumplir con el Derecho Internacional Humanitario y tomar \u00abtodas las medidas necesarias\u00bb para proteger la vida de los civiles.<\/p>\n<p>La guerra en Yemen enfrenta al Gobierno reconocido internacionalmente y a los huthis, respaldados por Ir\u00e1n, pese a los esfuerzos internacionales de mediaci\u00f3n, en una guerra que ha provocado la que es la mayor crisis humanitaria mundial. Los rebeldes controlan la capital, San\u00e1, y otras zonas del norte y el oeste del pa\u00eds.<\/p>\n<p>&nbsp;<\/p>\n<p>Fuente: EUROPA PRESS<\/p>\n<p>&nbsp;<\/p>\n","protected":false},"excerpt":{"rendered":"<p>MADRID, (EUROPA PRESS) \u2013 &nbsp; Una ni\u00f1a de doce a\u00f1os <a href=\"https:\/\/sertv.gob.pa\/nacionalfm\/msf-denuncia-dos-civiles-muertos-en-un-bombardeo-en-yemen\/\"> [&#8230;]<\/a><\/p>\n","protected":false},"author":9,"featured_media":79173,"comment_status":"closed","ping_status":"closed","sticky":false,"template":"","format":"standard","meta":{"footnotes":""},"categories":[3],"tags":[],"class_list":["post-79172","post","type-post","status-publish","format-standard","has-post-thumbnail","hentry","category-internacionales"],"_links":{"self":[{"href":"https:\/\/sertv.gob.pa\/nacionalfm\/wp-json\/wp\/v2\/posts\/79172","targetHints":{"allow":["GET"]}}],"collection":[{"href":"https:\/\/sertv.gob.pa\/nacionalfm\/wp-json\/wp\/v2\/posts"}],"about":[{"href":"https:\/\/sertv.gob.pa\/nacionalfm\/wp-json\/wp\/v2\/types\/post"}],"author":[{"embeddable":true,"href":"https:\/\/sertv.gob.pa\/nacionalfm\/wp-json\/wp\/v2\/users\/9"}],"replies":[{"embeddable":true,"href":"https:\/\/sertv.gob.pa\/nacionalfm\/wp-json\/wp\/v2\/comments?post=79172"}],"version-history":[{"count":1,"href":"https:\/\/sertv.gob.pa\/nacionalfm\/wp-json\/wp\/v2\/posts\/79172\/revisions"}],"predecessor-version":[{"id":79175,"href":"https:\/\/sertv.gob.pa\/nacionalfm\/wp-json\/wp\/v2\/posts\/79172\/revisions\/79175"}],"wp:featuredmedia":[{"embeddable":true,"href":"https:\/\/sertv.gob.pa\/nacionalfm\/wp-json\/wp\/v2\/media\/79173"}],"wp:attachment":[{"href":"https:\/\/sertv.gob.pa\/nacionalfm\/wp-json\/wp\/v2\/media?parent=79172"}],"wp:term":[{"taxonomy":"category","embeddable":true,"href":"https:\/\/sertv.gob.pa\/nacionalfm\/wp-json\/wp\/v2\/categories?post=79172"},{"taxonomy":"post_tag","embeddable":true,"href":"https:\/\/sertv.gob.pa\/nacionalfm\/wp-json\/wp\/v2\/tags?post=79172"}],"curies":[{"name":"wp","href":"https:\/\/api.w.org\/{rel}","templated":true}]}}