{"id":79176,"date":"2022-02-21T21:01:17","date_gmt":"2022-02-21T21:01:17","guid":{"rendered":"https:\/\/sertv.gob.pa\/nacionalfm\/?p=79176"},"modified":"2022-02-21T21:01:17","modified_gmt":"2022-02-21T21:01:17","slug":"guterres-suspende-su-viaje-a-rdc-en-vista-del-deterioro-de-la-situacion-en-ucrania-y-regresa-a-nueva-york","status":"publish","type":"post","link":"https:\/\/sertv.gob.pa\/nacionalfm\/guterres-suspende-su-viaje-a-rdc-en-vista-del-deterioro-de-la-situacion-en-ucrania-y-regresa-a-nueva-york\/","title":{"rendered":"Guterres suspende su viaje a RDC en vista del \u00abdeterioro de la situaci\u00f3n en Ucrania\u00bb y regresa a Nueva York"},"content":{"rendered":"<p><strong><em>MADRID, (EUROPA PRESS) \u2013<\/em><\/strong><\/p>\n<p><strong><em>\u00a0<\/em><\/strong><\/p>\n<p>El secretario general de Naciones Unidas, Ant\u00f3nio Guterres, ha suspendido su visita a Rep\u00fablica Democr\u00e1tica del Congo (RDC) y regresar\u00e1 a la sede de la ONU en Nueva York debido al \u00abdeterioro de la situaci\u00f3n en Ucrania\u00bb.<\/p>\n<p>\u00abEn vista del deterioro de la situaci\u00f3n en Ucrania, el secretario general cancela su misi\u00f3n en Rep\u00fablica Democr\u00e1tica del Congo\u00bb, ha se\u00f1alado la Oficina del portavoz de Guterres en su perfil de la red social Twitter.<\/p>\n<p>Guterres ten\u00eda prevista para este martes una visita al este de RDC para reunirse con autoridades locales y desplazados a causa del conflicto interno del pa\u00eds africano.<\/p>\n<p>Ahora, su portavoz, Stephane Dujarric, ha confirmado que \u00abeste martes\u00bb estar\u00e1 de vuelta en Nueva York a tenor de los \u00faltimos acontecimientos en las tensiones entre Rusia y Ucrania.<\/p>\n<p>De hecho, el Gobierno ucraniano ha solicitado una reuni\u00f3n de emergencia del Consejo de Seguridad de Naciones Unidas para tratar las cuestiones \u00abpr\u00e1cticas\u00bb que permitan rebajar dichas tensiones y alejar el fantasma de una posible invasi\u00f3n militar rusa.<\/p>\n<p>La tensi\u00f3n de los \u00faltimos meses por la acumulaci\u00f3n de tropas rusas en la frontera con Ucrania, sumado a la consiguiente intensificaci\u00f3n de las operaciones de la OTAN, ha acabado por desbordar de nuevo el conflicto en el este del pa\u00eds, que enfrenta a las autoridades de Kiev con estas dos zonas separatistas, afines a Rusia.<\/p>\n<p>&nbsp;<\/p>\n<p>Fuente: EUROPA PRESS<\/p>\n<p>&nbsp;<\/p>\n","protected":false},"excerpt":{"rendered":"<p>MADRID, (EUROPA PRESS) \u2013 \u00a0 El secretario general de Naciones <a href=\"https:\/\/sertv.gob.pa\/nacionalfm\/guterres-suspende-su-viaje-a-rdc-en-vista-del-deterioro-de-la-situacion-en-ucrania-y-regresa-a-nueva-york\/\"> [&#8230;]<\/a><\/p>\n","protected":false},"author":9,"featured_media":79177,"comment_status":"closed","ping_status":"closed","sticky":false,"template":"","format":"standard","meta":{"footnotes":""},"categories":[3],"tags":[],"class_list":["post-79176","post","type-post","status-publish","format-standard","has-post-thumbnail","hentry","category-internacionales"],"_links":{"self":[{"href":"https:\/\/sertv.gob.pa\/nacionalfm\/wp-json\/wp\/v2\/posts\/79176","targetHints":{"allow":["GET"]}}],"collection":[{"href":"https:\/\/sertv.gob.pa\/nacionalfm\/wp-json\/wp\/v2\/posts"}],"about":[{"href":"https:\/\/sertv.gob.pa\/nacionalfm\/wp-json\/wp\/v2\/types\/post"}],"author":[{"embeddable":true,"href":"https:\/\/sertv.gob.pa\/nacionalfm\/wp-json\/wp\/v2\/users\/9"}],"replies":[{"embeddable":true,"href":"https:\/\/sertv.gob.pa\/nacionalfm\/wp-json\/wp\/v2\/comments?post=79176"}],"version-history":[{"count":1,"href":"https:\/\/sertv.gob.pa\/nacionalfm\/wp-json\/wp\/v2\/posts\/79176\/revisions"}],"predecessor-version":[{"id":79178,"href":"https:\/\/sertv.gob.pa\/nacionalfm\/wp-json\/wp\/v2\/posts\/79176\/revisions\/79178"}],"wp:featuredmedia":[{"embeddable":true,"href":"https:\/\/sertv.gob.pa\/nacionalfm\/wp-json\/wp\/v2\/media\/79177"}],"wp:attachment":[{"href":"https:\/\/sertv.gob.pa\/nacionalfm\/wp-json\/wp\/v2\/media?parent=79176"}],"wp:term":[{"taxonomy":"category","embeddable":true,"href":"https:\/\/sertv.gob.pa\/nacionalfm\/wp-json\/wp\/v2\/categories?post=79176"},{"taxonomy":"post_tag","embeddable":true,"href":"https:\/\/sertv.gob.pa\/nacionalfm\/wp-json\/wp\/v2\/tags?post=79176"}],"curies":[{"name":"wp","href":"https:\/\/api.w.org\/{rel}","templated":true}]}}