{"id":79212,"date":"2022-02-22T21:12:18","date_gmt":"2022-02-22T21:12:18","guid":{"rendered":"https:\/\/sertv.gob.pa\/nacionalfm\/?p=79212"},"modified":"2022-02-22T21:12:18","modified_gmt":"2022-02-22T21:12:18","slug":"biden-describe-las-ultimas-acciones-de-rusia-como-el-inicio-de-la-invasion-de-ucrania","status":"publish","type":"post","link":"https:\/\/sertv.gob.pa\/nacionalfm\/biden-describe-las-ultimas-acciones-de-rusia-como-el-inicio-de-la-invasion-de-ucrania\/","title":{"rendered":"Biden describe las \u00faltimas acciones de Rusia como \u00abel inicio de la invasi\u00f3n de Ucrania\u00bb"},"content":{"rendered":"<p><strong><em>MADRID, (EUROPA PRESS) \u2013<\/em><\/strong><\/p>\n<p><strong><em>\u00a0<\/em><\/strong><\/p>\n<p>El presidente de Estados Unidos, Joe Biden, ha descrito el reconocimiento de Rusia a la independencia de las autoproclamadas rep\u00fablicas de Donetsk y Lugansk, como \u00abel comienzo de la invasi\u00f3n de Ucrania\u00bb y ha amenazado al Kremlin con \u00abir m\u00e1s all\u00e1 con las sanciones\u00bb si contin\u00faa en esta l\u00ednea.<\/p>\n<p>Biden sostiene que con la decisi\u00f3n de reconocer la independencia de estas dos regiones, el presidente ruso, Vladimir Putin, \u00abest\u00e1 creando un motivo para hacerse por la fuerza con m\u00e1s territorio (&#8230;) est\u00e1 creando un motivo para ir mucho m\u00e1s all\u00e1. Este es el comienzo de una invasi\u00f3n rusa de Ucrania\u00bb, ha aventurado.<\/p>\n<p>Ante esta situaci\u00f3n, Biden ha prometido que Estados Unidos no solo brindar\u00e1 m\u00e1s apoyo a militar a Ucrania despu\u00e9s de que Putin haya atacado de forma directa a su \u00abderecho a existir\u00bb, sino que tambi\u00e9n reforzar\u00e1 a sus aliados del B\u00e1ltico.<\/p>\n<p>\u00abNo tenemos intenci\u00f3n de luchar contra Rusia. Sin embargo, queremos enviar un mensaje inequ\u00edvoco: que Estados Unidos y sus aliados defender\u00e1n cada cent\u00edmetro del territorio de la OTAN y har\u00e1n cumplir sus compromisos\u00bb, ha remarcado un Biden, que ha calificado de \u00abextremas\u00bb las demandas de Rusia durante las negociaciones.<\/p>\n<p>\u00abTodav\u00eda hay tiempo para evitar el peor de las situaciones\u00bb, ha dicho Biden en su discurso desde la Casa Blanca. \u00abEstados Unidos y sus aliados permanecen abiertos a la diplomacia si es seria. Juzgaremos a Rusia por sus acciones, no por sus palabras. Estamos listos para responder a Rusia con unidad, claridad y convicci\u00f3n haga lo que haga\u00bb.<\/p>\n<p>Putin reconoci\u00f3 el lunes la independencia de las convulsas regiones de Donetsk y Lugansk y orden\u00f3 horas despu\u00e9s la entrada de las Fuerzas Armadas rusas en las mismas en el marco de una \u00abmisi\u00f3n de mantenimiento de la paz\u00bb, unas decisiones criticadas duramente por la mayor\u00eda de la comunidad internacional.<\/p>\n<p>El Gobierno ucraniano cifr\u00f3 el lunes en 14.000 los muertos en los ocho a\u00f1os de conflicto en el este del pa\u00eds, antes de agregar que al menos 30.000 personas han resultado heridas, mientras que 1,5 millones de personas se han visto obligadas a huir de sus hogares en Crimea y Donb\u00e1s para escapar de \u00abla ocupaci\u00f3n\u00bb rusa del territorio de Ucrania.<\/p>\n<p>&nbsp;<\/p>\n<p>Fuente: EUROPA PRESS<\/p>\n<p>&nbsp;<\/p>\n","protected":false},"excerpt":{"rendered":"<p>MADRID, (EUROPA PRESS) \u2013 \u00a0 El presidente de Estados Unidos, <a href=\"https:\/\/sertv.gob.pa\/nacionalfm\/biden-describe-las-ultimas-acciones-de-rusia-como-el-inicio-de-la-invasion-de-ucrania\/\"> [&#8230;]<\/a><\/p>\n","protected":false},"author":9,"featured_media":73277,"comment_status":"closed","ping_status":"closed","sticky":false,"template":"","format":"standard","meta":{"footnotes":""},"categories":[3],"tags":[],"class_list":["post-79212","post","type-post","status-publish","format-standard","has-post-thumbnail","hentry","category-internacionales"],"_links":{"self":[{"href":"https:\/\/sertv.gob.pa\/nacionalfm\/wp-json\/wp\/v2\/posts\/79212","targetHints":{"allow":["GET"]}}],"collection":[{"href":"https:\/\/sertv.gob.pa\/nacionalfm\/wp-json\/wp\/v2\/posts"}],"about":[{"href":"https:\/\/sertv.gob.pa\/nacionalfm\/wp-json\/wp\/v2\/types\/post"}],"author":[{"embeddable":true,"href":"https:\/\/sertv.gob.pa\/nacionalfm\/wp-json\/wp\/v2\/users\/9"}],"replies":[{"embeddable":true,"href":"https:\/\/sertv.gob.pa\/nacionalfm\/wp-json\/wp\/v2\/comments?post=79212"}],"version-history":[{"count":1,"href":"https:\/\/sertv.gob.pa\/nacionalfm\/wp-json\/wp\/v2\/posts\/79212\/revisions"}],"predecessor-version":[{"id":79213,"href":"https:\/\/sertv.gob.pa\/nacionalfm\/wp-json\/wp\/v2\/posts\/79212\/revisions\/79213"}],"wp:featuredmedia":[{"embeddable":true,"href":"https:\/\/sertv.gob.pa\/nacionalfm\/wp-json\/wp\/v2\/media\/73277"}],"wp:attachment":[{"href":"https:\/\/sertv.gob.pa\/nacionalfm\/wp-json\/wp\/v2\/media?parent=79212"}],"wp:term":[{"taxonomy":"category","embeddable":true,"href":"https:\/\/sertv.gob.pa\/nacionalfm\/wp-json\/wp\/v2\/categories?post=79212"},{"taxonomy":"post_tag","embeddable":true,"href":"https:\/\/sertv.gob.pa\/nacionalfm\/wp-json\/wp\/v2\/tags?post=79212"}],"curies":[{"name":"wp","href":"https:\/\/api.w.org\/{rel}","templated":true}]}}