{"id":79256,"date":"2022-02-23T19:36:30","date_gmt":"2022-02-23T19:36:30","guid":{"rendered":"https:\/\/sertv.gob.pa\/nacionalfm\/?p=79256"},"modified":"2022-02-23T19:36:30","modified_gmt":"2022-02-23T19:36:30","slug":"finlandia-convoca-al-embajador-ruso-por-la-violacion-a-la-soberania-de-ucrania","status":"publish","type":"post","link":"https:\/\/sertv.gob.pa\/nacionalfm\/finlandia-convoca-al-embajador-ruso-por-la-violacion-a-la-soberania-de-ucrania\/","title":{"rendered":"Finlandia convoca al embajador ruso por la \u00abviolaci\u00f3n\u00bb a la soberan\u00eda de Ucrania"},"content":{"rendered":"<p><strong><em>MADRID, (EUROPA PRESS) \u2013<\/em><\/strong><\/p>\n<p><strong><em>\u00a0<\/em><\/strong><\/p>\n<p>El Ministerio de Exteriores de Finlandia ha convocado este mi\u00e9rcoles al embajador de Rusia en el pa\u00eds, Pavel Kuznetsov, para expresarle su condena por la \u00abviolaci\u00f3n\u00bb a la soberan\u00eda de Ucrania, despu\u00e9s del reconocimiento ruso a la independencia de las regiones rebeldes de Donetsk y Lugansk.<\/p>\n<p>En un mensaje publicado a trav\u00e9s de su cuenta en la red social Twitter, la cartera de Exteriores finlandesa ha especificado que las acciones de Rusia son \u00abunilaterales\u00bb y tambi\u00e9n constituyen una violaci\u00f3n de la \u00absoberan\u00eda\u00bb de su pa\u00eds vecino. Asimismo, son \u00abuna grave violaci\u00f3n del Derecho Internacional y los Acuerdos de Minsk\u00bb.<\/p>\n<p>La primera ministra de Finlandia, Sanna Marin, se mostr\u00f3 el martes favorable a realizar un nuevo an\u00e1lisis de riesgos de un proyecto nuclear de la empresa Fennovoima, respaldada por la compa\u00f1\u00eda nuclear estatal rusa, Rosatom, ante la escalada de la tensi\u00f3n en el este de Ucrania.<\/p>\n<p>Marin se expres\u00f3 en la misma l\u00ednea que el presidente, Sauli Niinisto, en el Parlamento, e indic\u00f3 que Mosc\u00fa ha \u00abviolado abiertamente\u00bb los Acuerdos de Minsk.<\/p>\n<p>Por su parte, Niinisto lament\u00f3 que los Acuerdos de Minsk &#8211;la &#8216;hoja de ruta&#8217; para solucionar el conflicto en el este de Ucrania por la v\u00eda pol\u00edtica&#8211; est\u00e1n \u00abmuertos\u00bb y se\u00f1al\u00f3 que es \u00abdif\u00edcil\u00bb predecir qu\u00e9 va a ocurrir a continuaci\u00f3n.<\/p>\n<p>&nbsp;<\/p>\n<p>Fuente: EUROPA PRESS<\/p>\n","protected":false},"excerpt":{"rendered":"<p>MADRID, (EUROPA PRESS) \u2013 \u00a0 El Ministerio de Exteriores de <a href=\"https:\/\/sertv.gob.pa\/nacionalfm\/finlandia-convoca-al-embajador-ruso-por-la-violacion-a-la-soberania-de-ucrania\/\"> [&#8230;]<\/a><\/p>\n","protected":false},"author":9,"featured_media":79257,"comment_status":"closed","ping_status":"closed","sticky":false,"template":"","format":"standard","meta":{"footnotes":""},"categories":[3],"tags":[],"class_list":["post-79256","post","type-post","status-publish","format-standard","has-post-thumbnail","hentry","category-internacionales"],"_links":{"self":[{"href":"https:\/\/sertv.gob.pa\/nacionalfm\/wp-json\/wp\/v2\/posts\/79256","targetHints":{"allow":["GET"]}}],"collection":[{"href":"https:\/\/sertv.gob.pa\/nacionalfm\/wp-json\/wp\/v2\/posts"}],"about":[{"href":"https:\/\/sertv.gob.pa\/nacionalfm\/wp-json\/wp\/v2\/types\/post"}],"author":[{"embeddable":true,"href":"https:\/\/sertv.gob.pa\/nacionalfm\/wp-json\/wp\/v2\/users\/9"}],"replies":[{"embeddable":true,"href":"https:\/\/sertv.gob.pa\/nacionalfm\/wp-json\/wp\/v2\/comments?post=79256"}],"version-history":[{"count":1,"href":"https:\/\/sertv.gob.pa\/nacionalfm\/wp-json\/wp\/v2\/posts\/79256\/revisions"}],"predecessor-version":[{"id":79258,"href":"https:\/\/sertv.gob.pa\/nacionalfm\/wp-json\/wp\/v2\/posts\/79256\/revisions\/79258"}],"wp:featuredmedia":[{"embeddable":true,"href":"https:\/\/sertv.gob.pa\/nacionalfm\/wp-json\/wp\/v2\/media\/79257"}],"wp:attachment":[{"href":"https:\/\/sertv.gob.pa\/nacionalfm\/wp-json\/wp\/v2\/media?parent=79256"}],"wp:term":[{"taxonomy":"category","embeddable":true,"href":"https:\/\/sertv.gob.pa\/nacionalfm\/wp-json\/wp\/v2\/categories?post=79256"},{"taxonomy":"post_tag","embeddable":true,"href":"https:\/\/sertv.gob.pa\/nacionalfm\/wp-json\/wp\/v2\/tags?post=79256"}],"curies":[{"name":"wp","href":"https:\/\/api.w.org\/{rel}","templated":true}]}}