{"id":79281,"date":"2022-02-24T14:36:43","date_gmt":"2022-02-24T14:36:43","guid":{"rendered":"https:\/\/sertv.gob.pa\/nacionalfm\/?p=79281"},"modified":"2022-02-24T14:36:43","modified_gmt":"2022-02-24T14:36:43","slug":"ucrania-pide-a-sus-aliados-que-rompan-relaciones-con-rusia-tras-su-ofensiva-militar","status":"publish","type":"post","link":"https:\/\/sertv.gob.pa\/nacionalfm\/ucrania-pide-a-sus-aliados-que-rompan-relaciones-con-rusia-tras-su-ofensiva-militar\/","title":{"rendered":"Ucrania pide a sus aliados que rompan relaciones con Rusia tras su ofensiva militar"},"content":{"rendered":"<p><strong><em>MADRID, (EUROPA PRESS) \u2013<\/em><\/strong><\/p>\n<p><strong><em>\u00a0<\/em><\/strong><\/p>\n<p>El Gobierno de Ucrania ha reclamado este jueves a sus aliados que sigan su ejemplo y anuncien la ruptura de relaciones diplom\u00e1ticas con Rusia despu\u00e9s del inicio de una ofensiva militar por parte de Mosc\u00fa contra territorio ucraniano.<\/p>\n<p>\u00abUcrania ha cortado sus relaciones diplom\u00e1ticas con Rusia. Pido a nuestros socios que hagan lo mismo\u00bb, ha recalcado el ministro de Exteriores ucraniano, Dimitro Kuleba, a trav\u00e9s de su cuenta en la red social Twitter.<\/p>\n<p>\u00abCon este paso concreto, demostrar\u00e1n que est\u00e1n del lado de Ucrania y rechazar\u00e1n de forma categ\u00f3rica el acto de agresi\u00f3n m\u00e1s flagrante en Europa desde la Segunda Guerra Mundial\u00bb, ha manifestado el ministro.<\/p>\n<p>Poco antes, el Ministerio de Exteriores ucraniano hab\u00eda anunciado que llamaba a consultas a su encargado de negocios en Rusia, Vasil Pokotilo, y que hab\u00eda empezado a evacuar su Embajada en Mosc\u00fa, en l\u00ednea con la decisi\u00f3n de cortar sus relaciones con el pa\u00eds vecino.<\/p>\n<p>El Ministerio de Exteriores ucraniano ha resaltado en un comunicado publicado en su p\u00e1gina web que \u00abha comenzado la evacuaci\u00f3n de la Embajada de Ucrania en Mosc\u00fa\u00bb y ha agregado que \u00ablos consultados en territorio ruso operan en sus capacidades de rutina por el momento\u00bb.<\/p>\n<p>Por su parte, el presidente ucraniano, Volodimir Zelenski, ha asegurado en un discurso televisado que Kiev \u00abha cortado relaciones diplom\u00e1ticas con Rusia\u00bb. \u00abUcrania se est\u00e1 defendiendo y no renunciar\u00e1 a su libertad\u00bb, ha manifestado el mandatario, quien ha destacado que \u00abUcrania no para de defenderse y no va a entregar su libertad\u00bb.<\/p>\n<p>El presidente ruso, Vladimir Putin, ha anunciado en la madrugada de este jueves una \u00aboperaci\u00f3n militar\u00bb en el este de Ucrania, d\u00edas despu\u00e9s de haber reconocido la independencia de las autoproclamadas rep\u00fablicas de Donetsk y Lugansk. En respuesta, Ucrania ha dicho que rompe relaciones con Mosc\u00fa.<\/p>\n<p>&nbsp;<\/p>\n<p>Fuente: EUROPA PRESS<\/p>\n","protected":false},"excerpt":{"rendered":"<p>MADRID, (EUROPA PRESS) \u2013 \u00a0 El Gobierno de Ucrania ha <a href=\"https:\/\/sertv.gob.pa\/nacionalfm\/ucrania-pide-a-sus-aliados-que-rompan-relaciones-con-rusia-tras-su-ofensiva-militar\/\"> [&#8230;]<\/a><\/p>\n","protected":false},"author":9,"featured_media":79282,"comment_status":"closed","ping_status":"closed","sticky":false,"template":"","format":"standard","meta":{"footnotes":""},"categories":[3],"tags":[],"class_list":["post-79281","post","type-post","status-publish","format-standard","has-post-thumbnail","hentry","category-internacionales"],"_links":{"self":[{"href":"https:\/\/sertv.gob.pa\/nacionalfm\/wp-json\/wp\/v2\/posts\/79281","targetHints":{"allow":["GET"]}}],"collection":[{"href":"https:\/\/sertv.gob.pa\/nacionalfm\/wp-json\/wp\/v2\/posts"}],"about":[{"href":"https:\/\/sertv.gob.pa\/nacionalfm\/wp-json\/wp\/v2\/types\/post"}],"author":[{"embeddable":true,"href":"https:\/\/sertv.gob.pa\/nacionalfm\/wp-json\/wp\/v2\/users\/9"}],"replies":[{"embeddable":true,"href":"https:\/\/sertv.gob.pa\/nacionalfm\/wp-json\/wp\/v2\/comments?post=79281"}],"version-history":[{"count":1,"href":"https:\/\/sertv.gob.pa\/nacionalfm\/wp-json\/wp\/v2\/posts\/79281\/revisions"}],"predecessor-version":[{"id":79283,"href":"https:\/\/sertv.gob.pa\/nacionalfm\/wp-json\/wp\/v2\/posts\/79281\/revisions\/79283"}],"wp:featuredmedia":[{"embeddable":true,"href":"https:\/\/sertv.gob.pa\/nacionalfm\/wp-json\/wp\/v2\/media\/79282"}],"wp:attachment":[{"href":"https:\/\/sertv.gob.pa\/nacionalfm\/wp-json\/wp\/v2\/media?parent=79281"}],"wp:term":[{"taxonomy":"category","embeddable":true,"href":"https:\/\/sertv.gob.pa\/nacionalfm\/wp-json\/wp\/v2\/categories?post=79281"},{"taxonomy":"post_tag","embeddable":true,"href":"https:\/\/sertv.gob.pa\/nacionalfm\/wp-json\/wp\/v2\/tags?post=79281"}],"curies":[{"name":"wp","href":"https:\/\/api.w.org\/{rel}","templated":true}]}}