{"id":79284,"date":"2022-02-24T14:51:59","date_gmt":"2022-02-24T14:51:59","guid":{"rendered":"https:\/\/sertv.gob.pa\/nacionalfm\/?p=79284"},"modified":"2022-02-24T14:51:59","modified_gmt":"2022-02-24T14:51:59","slug":"otan-y-ue-escenifican-su-union-y-avisan-a-putin-que-tendra-que-explicar-a-los-rusos-el-dano-de-las-sanciones","status":"publish","type":"post","link":"https:\/\/sertv.gob.pa\/nacionalfm\/otan-y-ue-escenifican-su-union-y-avisan-a-putin-que-tendra-que-explicar-a-los-rusos-el-dano-de-las-sanciones\/","title":{"rendered":"OTAN y UE escenifican su uni\u00f3n y avisan a Putin que tendr\u00e1 que explicar a los rusos el da\u00f1o de las sanciones"},"content":{"rendered":"<p><strong><em>BRUSELAS, (EUROPA PRESS) \u2013<\/em><\/strong><\/p>\n<p><strong><em>\u00a0<\/em><\/strong><\/p>\n<p>La OTAN y la Uni\u00f3n Europea han escenificado este jueves un frente com\u00fan al se\u00f1alar que la agresi\u00f3n rusa de Ucrania ha hecho acercar m\u00e1s a las dos organizaciones y avisar al presidente, Vladimir Putin, de que sus acciones conllevar\u00e1n un duro golpe a la econom\u00eda nacional que tendr\u00e1 que explicar a sus ciudadanos.<\/p>\n<p>\u00abEstamos en un punto de inflexi\u00f3n. Nuestra fortaleza es la unidad\u00bb, ha asegurado la presidenta de la Comisi\u00f3n Europea, Ursula von der Leyen, en una rueda de prensa conjunta en la sede de la OTAN con el secretario general, Jens Stoltenebrg, y el presidente del Consejo Europeo, Charles Michel.<\/p>\n<p>La cita ha servido para que la UE y la OTAN condenen al un\u00edsono las \u00abacciones atroces de agresi\u00f3n\u00bb contra personas \u00abinocentes\u00bb en Ucrania y avisen de las graves consecuencias a las que se enfrenta Mosc\u00fa.<\/p>\n<p>La jefa del Ejecutivo europeo ha insistido en que las sanciones que aprobar\u00e1n esta misma noche los l\u00edderes de la UE tendr\u00e1n un \u00abimpacto duro\u00bb contra la econom\u00eda rusa, que se ver\u00e1 asfixiada. Ha vaticinado que las medidas lastrar\u00e1n el crecimiento econ\u00f3mico, aumentar\u00e1n la inflaci\u00f3n y erosionar\u00e1n la base industrial del pa\u00eds.<\/p>\n<p>A juicio de Von der Leyen, ser\u00e1 Putin el que deber\u00e1 explicar esta situaci\u00f3n a los ciudadanos rusos, al igual que Stoltenberg que ha indicado que Mosc\u00fa es el \u00fanico responsable de la crisis en el este de Europa.<\/p>\n<p>\u00abAgradezco las acciones coordinadas anunciadas por la UE y los aliados de la OTAN. Esto manda un mensaje de unidad y demuestra que Rusia est\u00e1 sola y aislada\u00bb, ha subrayado Stoltenberg.<\/p>\n<p>Los l\u00edderes de la OTAN se re\u00fanen este viernes de emergencia para preparar la respuesta a la invasi\u00f3n rusa de Ucrania, una cita a la que han sido invitados Von der Leyen y Michel en una nueva se\u00f1al de la estrecha coordinaci\u00f3n entre organizaciones.<\/p>\n<p>&nbsp;<\/p>\n<p>Fuente: EUROPA PRESS<\/p>\n","protected":false},"excerpt":{"rendered":"<p>BRUSELAS, (EUROPA PRESS) \u2013 \u00a0 La OTAN y la Uni\u00f3n <a href=\"https:\/\/sertv.gob.pa\/nacionalfm\/otan-y-ue-escenifican-su-union-y-avisan-a-putin-que-tendra-que-explicar-a-los-rusos-el-dano-de-las-sanciones\/\"> [&#8230;]<\/a><\/p>\n","protected":false},"author":9,"featured_media":79285,"comment_status":"closed","ping_status":"closed","sticky":false,"template":"","format":"standard","meta":{"footnotes":""},"categories":[3],"tags":[],"class_list":["post-79284","post","type-post","status-publish","format-standard","has-post-thumbnail","hentry","category-internacionales"],"_links":{"self":[{"href":"https:\/\/sertv.gob.pa\/nacionalfm\/wp-json\/wp\/v2\/posts\/79284","targetHints":{"allow":["GET"]}}],"collection":[{"href":"https:\/\/sertv.gob.pa\/nacionalfm\/wp-json\/wp\/v2\/posts"}],"about":[{"href":"https:\/\/sertv.gob.pa\/nacionalfm\/wp-json\/wp\/v2\/types\/post"}],"author":[{"embeddable":true,"href":"https:\/\/sertv.gob.pa\/nacionalfm\/wp-json\/wp\/v2\/users\/9"}],"replies":[{"embeddable":true,"href":"https:\/\/sertv.gob.pa\/nacionalfm\/wp-json\/wp\/v2\/comments?post=79284"}],"version-history":[{"count":1,"href":"https:\/\/sertv.gob.pa\/nacionalfm\/wp-json\/wp\/v2\/posts\/79284\/revisions"}],"predecessor-version":[{"id":79286,"href":"https:\/\/sertv.gob.pa\/nacionalfm\/wp-json\/wp\/v2\/posts\/79284\/revisions\/79286"}],"wp:featuredmedia":[{"embeddable":true,"href":"https:\/\/sertv.gob.pa\/nacionalfm\/wp-json\/wp\/v2\/media\/79285"}],"wp:attachment":[{"href":"https:\/\/sertv.gob.pa\/nacionalfm\/wp-json\/wp\/v2\/media?parent=79284"}],"wp:term":[{"taxonomy":"category","embeddable":true,"href":"https:\/\/sertv.gob.pa\/nacionalfm\/wp-json\/wp\/v2\/categories?post=79284"},{"taxonomy":"post_tag","embeddable":true,"href":"https:\/\/sertv.gob.pa\/nacionalfm\/wp-json\/wp\/v2\/tags?post=79284"}],"curies":[{"name":"wp","href":"https:\/\/api.w.org\/{rel}","templated":true}]}}