{"id":7929,"date":"2015-10-05T18:19:29","date_gmt":"2015-10-05T18:19:29","guid":{"rendered":""},"modified":"2015-10-05T18:19:29","modified_gmt":"2015-10-05T18:19:29","slug":"decomisan-cereales-y-dulces-vencidos-en-colon","status":"publish","type":"post","link":"https:\/\/sertv.gob.pa\/nacionalfm\/decomisan-cereales-y-dulces-vencidos-en-colon\/","title":{"rendered":"Decomisan cereales y dulces vencidos en Col\u00f3n"},"content":{"rendered":"<p>\nLa Autoridad de Protecci\u00f3n al Consumidor y Defensa de la Competencia (ACODECO) decomis\u00f3 m\u00e1s de 900 productos vencidos en locales comerciales de las\u00a0 afueras de Col\u00f3n. <\/p>\n<p>Wendy Costarelos, directora de esta entidad en Col\u00f3n, manifest\u00f3 que los productos decomisados estaban deteriorados y adem\u00e1s est\u00e1n recibiendo denuncias de los consumidores. <\/p>\n<p>Indic\u00f3 que se hizo un recorrido de inspecci\u00f3n en el corregimiento de Sabanitas. <\/p>\n<p>Entre los productos vencidos se hallaban cereales y dulces, lo que preocupa por la salud de la comunidad <\/p>\n<p>Adicionalmente hizo un llamado a los consumidores que verifiquen lo que compran y es la forma de protegerse e informar a las autoridades pertinentes\u00a0 sobre irregularidades. <\/p>\n<p>Se\u00f1al\u00f3 igualmente que desde el 5 de diciembre al 27 se estar\u00e1n ubicando en distintos puntos de la ciudad para que las personas acudan a denunciar como parte del operativo de Navidad. <\/p>\n","protected":false},"excerpt":{"rendered":"<p>La Autoridad de Protecci\u00f3n al Consumidor y Defensa de la <a href=\"https:\/\/sertv.gob.pa\/nacionalfm\/decomisan-cereales-y-dulces-vencidos-en-colon\/\"> [&#8230;]<\/a><\/p>\n","protected":false},"author":1,"featured_media":7930,"comment_status":"closed","ping_status":"closed","sticky":false,"template":"","format":"standard","meta":{"footnotes":""},"categories":[5],"tags":[],"class_list":["post-7929","post","type-post","status-publish","format-standard","has-post-thumbnail","hentry","category-salud"],"_links":{"self":[{"href":"https:\/\/sertv.gob.pa\/nacionalfm\/wp-json\/wp\/v2\/posts\/7929","targetHints":{"allow":["GET"]}}],"collection":[{"href":"https:\/\/sertv.gob.pa\/nacionalfm\/wp-json\/wp\/v2\/posts"}],"about":[{"href":"https:\/\/sertv.gob.pa\/nacionalfm\/wp-json\/wp\/v2\/types\/post"}],"author":[{"embeddable":true,"href":"https:\/\/sertv.gob.pa\/nacionalfm\/wp-json\/wp\/v2\/users\/1"}],"replies":[{"embeddable":true,"href":"https:\/\/sertv.gob.pa\/nacionalfm\/wp-json\/wp\/v2\/comments?post=7929"}],"version-history":[{"count":0,"href":"https:\/\/sertv.gob.pa\/nacionalfm\/wp-json\/wp\/v2\/posts\/7929\/revisions"}],"wp:featuredmedia":[{"embeddable":true,"href":"https:\/\/sertv.gob.pa\/nacionalfm\/wp-json\/wp\/v2\/media\/7930"}],"wp:attachment":[{"href":"https:\/\/sertv.gob.pa\/nacionalfm\/wp-json\/wp\/v2\/media?parent=7929"}],"wp:term":[{"taxonomy":"category","embeddable":true,"href":"https:\/\/sertv.gob.pa\/nacionalfm\/wp-json\/wp\/v2\/categories?post=7929"},{"taxonomy":"post_tag","embeddable":true,"href":"https:\/\/sertv.gob.pa\/nacionalfm\/wp-json\/wp\/v2\/tags?post=7929"}],"curies":[{"name":"wp","href":"https:\/\/api.w.org\/{rel}","templated":true}]}}