{"id":79293,"date":"2022-02-24T17:21:55","date_gmt":"2022-02-24T17:21:55","guid":{"rendered":"https:\/\/sertv.gob.pa\/nacionalfm\/?p=79293"},"modified":"2022-02-24T17:21:55","modified_gmt":"2022-02-24T17:21:55","slug":"eslovaquia-despliega-1-500-efectivos-en-su-frontera-con-ucrania","status":"publish","type":"post","link":"https:\/\/sertv.gob.pa\/nacionalfm\/eslovaquia-despliega-1-500-efectivos-en-su-frontera-con-ucrania\/","title":{"rendered":"Eslovaquia despliega 1.500 efectivos en su frontera con Ucrania"},"content":{"rendered":"<p><strong><em>BRATISLAVA, (DPA\/EP) \u2013<\/em><\/strong><\/p>\n<p><strong><em>\u00a0<\/em><\/strong><\/p>\n<p>El Gobierno de Eslovaquia ha anunciado este jueves el env\u00edo de unos 1.500 militares a su frontera este, que comparte con Ucrania, una vez se ha confirmado la ofensiva rusa en territorio ucraniano.<\/p>\n<p>El ministro eslovaco de Defensa, Jaroslav Nad, ha descartado que exista cualquier amenaza a la integridad del pa\u00eds y que el despliegue de estos m\u00e1s de mil soldados son para servir de apoyo a la Polic\u00eda ucraniana.<\/p>\n<p>\u00abHemos designado 1.500 soldados de las Fuerzas Armadas para controlar nuestra frontera oriental\u00bb, ha dicho el ministro Nad, quien tambi\u00e9n ha confirmado la posible llegada a Eslovaquia en las pr\u00f3ximas horas de efectivos militares de otros pa\u00edses de la OTAN.<\/p>\n<p>Despu\u00e9s de que el presidente ruso, Vladimir Putin, anunciara en la madrugada de este jueves una \u00aboperaci\u00f3n militar\u00bb en el este de Ucrania se han ido produciendo escenas de ciudadanos ucranianos intentando salir de las ciudades m\u00e1s cercanas al conflicto.<\/p>\n<p>En un principio algunas de estas im\u00e1genes se hab\u00edan situado en las zonas fronterizas con Eslovaquia, sin embargo, sus autoridades han se\u00f1alado que la situaci\u00f3n est\u00e1 controlada.<\/p>\n<p>&nbsp;<\/p>\n<p>Fuente: DPA\/EP<\/p>\n","protected":false},"excerpt":{"rendered":"<p>BRATISLAVA, (DPA\/EP) \u2013 \u00a0 El Gobierno de Eslovaquia ha anunciado <a href=\"https:\/\/sertv.gob.pa\/nacionalfm\/eslovaquia-despliega-1-500-efectivos-en-su-frontera-con-ucrania\/\"> [&#8230;]<\/a><\/p>\n","protected":false},"author":9,"featured_media":79294,"comment_status":"closed","ping_status":"closed","sticky":false,"template":"","format":"standard","meta":{"footnotes":""},"categories":[3],"tags":[],"class_list":["post-79293","post","type-post","status-publish","format-standard","has-post-thumbnail","hentry","category-internacionales"],"_links":{"self":[{"href":"https:\/\/sertv.gob.pa\/nacionalfm\/wp-json\/wp\/v2\/posts\/79293","targetHints":{"allow":["GET"]}}],"collection":[{"href":"https:\/\/sertv.gob.pa\/nacionalfm\/wp-json\/wp\/v2\/posts"}],"about":[{"href":"https:\/\/sertv.gob.pa\/nacionalfm\/wp-json\/wp\/v2\/types\/post"}],"author":[{"embeddable":true,"href":"https:\/\/sertv.gob.pa\/nacionalfm\/wp-json\/wp\/v2\/users\/9"}],"replies":[{"embeddable":true,"href":"https:\/\/sertv.gob.pa\/nacionalfm\/wp-json\/wp\/v2\/comments?post=79293"}],"version-history":[{"count":1,"href":"https:\/\/sertv.gob.pa\/nacionalfm\/wp-json\/wp\/v2\/posts\/79293\/revisions"}],"predecessor-version":[{"id":79295,"href":"https:\/\/sertv.gob.pa\/nacionalfm\/wp-json\/wp\/v2\/posts\/79293\/revisions\/79295"}],"wp:featuredmedia":[{"embeddable":true,"href":"https:\/\/sertv.gob.pa\/nacionalfm\/wp-json\/wp\/v2\/media\/79294"}],"wp:attachment":[{"href":"https:\/\/sertv.gob.pa\/nacionalfm\/wp-json\/wp\/v2\/media?parent=79293"}],"wp:term":[{"taxonomy":"category","embeddable":true,"href":"https:\/\/sertv.gob.pa\/nacionalfm\/wp-json\/wp\/v2\/categories?post=79293"},{"taxonomy":"post_tag","embeddable":true,"href":"https:\/\/sertv.gob.pa\/nacionalfm\/wp-json\/wp\/v2\/tags?post=79293"}],"curies":[{"name":"wp","href":"https:\/\/api.w.org\/{rel}","templated":true}]}}