{"id":7931,"date":"2015-10-05T18:26:29","date_gmt":"2015-10-05T18:26:29","guid":{"rendered":""},"modified":"2015-10-05T18:26:29","modified_gmt":"2015-10-05T18:26:29","slug":"cuarta-parte-de-poblacion-mundial-padece-miopia-y-se-incrementa","status":"publish","type":"post","link":"https:\/\/sertv.gob.pa\/nacionalfm\/cuarta-parte-de-poblacion-mundial-padece-miopia-y-se-incrementa\/","title":{"rendered":"Cuarta parte de poblaci\u00f3n mundial padece miop\u00eda y se incrementa"},"content":{"rendered":"<p>\nUna cuarta parte de la poblaci\u00f3n mundial sufre de miop\u00eda, un porcentaje que podr\u00eda elevarse a un tercio en los pr\u00f3ximos a\u00f1os, seg\u00fan se ha puesto de manifiesto en las I Jornadas Iberoamericanas que se lleva a cabo este fin de semana en la localidad espa\u00f1ola de Punta Umbr\u00eda. <\/p>\n<p>As\u00ed lo ha destacado el experto portugu\u00e9s, Jorge Manuel Martins, profesor auxiliar en la Escola de Cincias de la Universidade do Minho (Portugal), que ha subrayado que la miop\u00eda \u00abes causa de preocupaci\u00f3n en todo el mundo debido a su mayor prevalencia y su r\u00e1pida progresi\u00f3n\u00bb. <\/p>\n<p>Ha se\u00f1alado como factores de riesgo m\u00e1s relacionados con el desarrollo y progresi\u00f3n de la miop\u00eda la excesiva demanda acomodativa en visi\u00f3n de cerca, la refracci\u00f3n perif\u00e9rica y la falta de actividades al aire libre. <\/p>\n<p>El congreso, que termina hoy, cuenta con la participaci\u00f3n de m\u00e1s de 300 profesionales y especialistas en salud visual de Espa\u00f1a, Portugal y Colombia. <\/p>\n<p>\u00a0 <\/p>\n","protected":false},"excerpt":{"rendered":"<p>Una cuarta parte de la poblaci\u00f3n mundial sufre de miop\u00eda, <a href=\"https:\/\/sertv.gob.pa\/nacionalfm\/cuarta-parte-de-poblacion-mundial-padece-miopia-y-se-incrementa\/\"> [&#8230;]<\/a><\/p>\n","protected":false},"author":1,"featured_media":7932,"comment_status":"closed","ping_status":"closed","sticky":false,"template":"","format":"standard","meta":{"footnotes":""},"categories":[5],"tags":[],"class_list":["post-7931","post","type-post","status-publish","format-standard","has-post-thumbnail","hentry","category-salud"],"_links":{"self":[{"href":"https:\/\/sertv.gob.pa\/nacionalfm\/wp-json\/wp\/v2\/posts\/7931","targetHints":{"allow":["GET"]}}],"collection":[{"href":"https:\/\/sertv.gob.pa\/nacionalfm\/wp-json\/wp\/v2\/posts"}],"about":[{"href":"https:\/\/sertv.gob.pa\/nacionalfm\/wp-json\/wp\/v2\/types\/post"}],"author":[{"embeddable":true,"href":"https:\/\/sertv.gob.pa\/nacionalfm\/wp-json\/wp\/v2\/users\/1"}],"replies":[{"embeddable":true,"href":"https:\/\/sertv.gob.pa\/nacionalfm\/wp-json\/wp\/v2\/comments?post=7931"}],"version-history":[{"count":0,"href":"https:\/\/sertv.gob.pa\/nacionalfm\/wp-json\/wp\/v2\/posts\/7931\/revisions"}],"wp:featuredmedia":[{"embeddable":true,"href":"https:\/\/sertv.gob.pa\/nacionalfm\/wp-json\/wp\/v2\/media\/7932"}],"wp:attachment":[{"href":"https:\/\/sertv.gob.pa\/nacionalfm\/wp-json\/wp\/v2\/media?parent=7931"}],"wp:term":[{"taxonomy":"category","embeddable":true,"href":"https:\/\/sertv.gob.pa\/nacionalfm\/wp-json\/wp\/v2\/categories?post=7931"},{"taxonomy":"post_tag","embeddable":true,"href":"https:\/\/sertv.gob.pa\/nacionalfm\/wp-json\/wp\/v2\/tags?post=7931"}],"curies":[{"name":"wp","href":"https:\/\/api.w.org\/{rel}","templated":true}]}}