{"id":79321,"date":"2022-02-24T20:37:49","date_gmt":"2022-02-24T20:37:49","guid":{"rendered":"https:\/\/sertv.gob.pa\/nacionalfm\/?p=79321"},"modified":"2022-02-24T20:37:49","modified_gmt":"2022-02-24T20:37:49","slug":"biden-anuncia-sanciones-contra-grandes-bancos-y-avisa-a-putin-de-que-sera-un-paria","status":"publish","type":"post","link":"https:\/\/sertv.gob.pa\/nacionalfm\/biden-anuncia-sanciones-contra-grandes-bancos-y-avisa-a-putin-de-que-sera-un-paria\/","title":{"rendered":"Biden anuncia sanciones contra grandes bancos y avisa a Putin de que ser\u00e1 un \u00abparia\u00bb"},"content":{"rendered":"<p><strong><em>Anuncia el env\u00edo de m\u00e1s tropas a Alemania y no descarta m\u00e1s movimientos dentro de la OTAN<\/em><\/strong><\/p>\n<p><strong><em>\u00a0<\/em><\/strong><\/p>\n<p><strong><em>MADRID, (EUROPA PRESS) &#8211;<\/em><\/strong><\/p>\n<p>El presidente de Estados Unidos, Joe Biden, ha anunciado este jueves la imposici\u00f3n de nuevas y \u00abfuertes\u00bb sanciones contra Rusia por la invasi\u00f3n de Ucrania, dando por hecho que, aunque no tendr\u00e1n efecto inmediato en el actual escenario b\u00e9lico, terminar\u00e1n por convertir al presidente ruso, Vladimir Putin, en un \u00abparia\u00bb en la escena global.<\/p>\n<p>Biden ha comparecido ante los medios despu\u00e9s de horas de contactos con los pa\u00edses socios; tambi\u00e9n con el presidente de Ucrania, Volodimir Zelenski. Lo ha hecho en respuesta a la ofensiva militar lanzada por Rusia sobre territorio ucraniano, escalada definitiva de un conflicto a\u00fan por definir.<\/p>\n<p>El mandatario norteamericano ha apuntado que Estados Unidos llevaba ya semanas advirtiendo de lo que pod\u00eda pasar &#8211;\u00abhemos sido transparente\u00bb, ha dicho&#8211;, frente a un \u00abteatro pol\u00edtico\u00bb organizado desde Rusia que consist\u00eda en negar de forma reiterada cualquier posible riesgo de invasi\u00f3n.<\/p>\n<p>Biden, que no tiene previsto hablar con Putin a corto plazo, ha se\u00f1alado que el mandatario ruso tiene \u00abambiciones mayores que Ucrania\u00bb y que, de hecho, aspira a \u00abrestablecer la Uni\u00f3n Sovi\u00e9tica\u00bb. \u00abEstas ambiciones son absolutamente contrarias al lugar en que est\u00e1 el resto del mundo\u00bb, ha declarado.<\/p>\n<p>\u00abPutin es el agresor, Putin ha elegido esta guerra y ahora \u00e9l y su pa\u00eds tienen que soportar las consecuencias\u00bb, ha aseverado Biden, que aspira a que Rusia sea cada vez m\u00e1s \u00abd\u00e9bil\u00bb mientras el mundo se hace \u00abcada vez m\u00e1s fuerte\u00bb.<\/p>\n<p>En este sentido, ha asegurado que en el actual escenario, en que Rusia ha cometido \u00abuna violaci\u00f3n flagrante del Derecho Internacional\u00bb, no cabe otra cosa que reaccionar. Estados Unidos, ha a\u00f1adido Bien, \u00abno est\u00e1 solo\u00bb, en un mensaje de unidad que tambi\u00e9n traslada al otro lado del oc\u00e9ano Atl\u00e1ntico.<\/p>\n<p>Biden ha anunciado sanciones contra grandes bancos rusos, entre ellos el Sberbank y el VTB Bank, castigos dirigidos al sector de la alta tecnolog\u00eda y nuevos l\u00edmites para las exportaciones que tendr\u00e1n \u00abun severo coste\u00bb para la econom\u00eda rusa. \u00abVamos a limitar la capacidad de Rusia para hacer negocios en d\u00f3lares, en euros, en libras y yenes\u00bb, ha se\u00f1alado.<\/p>\n<p>El paquete norteamericano deja fuera por ahora limitar el acceso de Rusia al mecanismo SWIFT, que facilita las transacciones financieras. Biden ha asegurado que \u00absiempre es una opci\u00f3n\u00bb, pero que en cualquier caso las nueva sanciones tienen \u00abm\u00e1s consecuencias\u00bb.<\/p>\n<p>Asimismo, ha afirmado que quienes hayan hecho negocios gracias a las pol\u00edticas del Kremlin \u00abtambi\u00e9n tienen que pagar las consecuencias\u00bb de las aventuras b\u00e9licas. La lista negra, sin embargo, no incluir\u00e1 el nombre del propio Putin, aunque Biden s\u00ed ha reconocido que sigue siendo una opci\u00f3n.<\/p>\n<p>Biden ha asumido que toda esta cadena de sanciones y mensajes pueden por terminar afectando al precio de la energ\u00eda, algo que ha prometido observar \u00abmuy de cerca\u00bb, pero ha defendido que la \u00abagresi\u00f3n\u00bb rusa \u00abno puede quedar sin respuesta\u00bb porque, de ser as\u00ed, \u00ablas consecuencias para Estados Unidos ser\u00edan mucho peores\u00bb.<\/p>\n<p><strong>APOYO A LA OTAN<\/strong><\/p>\n<p>En el \u00e1mbito militar, el inquilino de la Casa Blanca quiere reafirmar su \u00absolidaridad\u00bb con los pa\u00edses de la OTAN, cuyos l\u00edderes celebrar\u00e1n este viernes una reuni\u00f3n telem\u00e1tica extraordinaria de la que saldr\u00e1n \u00ablos pr\u00f3ximos pasos\u00bb a seguir.<\/p>\n<p>Biden ha confirmado que Estados Unidos reforzar\u00e1 su presencia militar en Ucrania y \u00abdefender\u00e1 cada cent\u00edmetro del territorio de la OTAN\u00bb, lo cual no incluye territorio ucraniano. \u00abNuestras fuerzas no van a Europa para luchar en Ucrania, sino para defender a nuestros aliados\u00bb, ha matizado en su comparecencia.<\/p>\n<p>La OTAN, en palabras de Biden, se desplegar\u00e1 \u00abdonde sea necesario y cuando sea necesario\u00bb, como ya ha dejado claro este jueves el secretario general de la Alianza, Jens Stolteneberg, al anunciar la activaci\u00f3n de planes de Defensa, una decisi\u00f3n que permite desplegar Fuerzas de Respuesta R\u00e1pida en cuesti\u00f3n de d\u00edas.<\/p>\n<p>&nbsp;<\/p>\n<p>Fuente: EUROPA PRESS<\/p>\n","protected":false},"excerpt":{"rendered":"<p>Anuncia el env\u00edo de m\u00e1s tropas a Alemania y no <a href=\"https:\/\/sertv.gob.pa\/nacionalfm\/biden-anuncia-sanciones-contra-grandes-bancos-y-avisa-a-putin-de-que-sera-un-paria\/\"> [&#8230;]<\/a><\/p>\n","protected":false},"author":9,"featured_media":79322,"comment_status":"closed","ping_status":"closed","sticky":false,"template":"","format":"standard","meta":{"footnotes":""},"categories":[3],"tags":[],"class_list":["post-79321","post","type-post","status-publish","format-standard","has-post-thumbnail","hentry","category-internacionales"],"_links":{"self":[{"href":"https:\/\/sertv.gob.pa\/nacionalfm\/wp-json\/wp\/v2\/posts\/79321","targetHints":{"allow":["GET"]}}],"collection":[{"href":"https:\/\/sertv.gob.pa\/nacionalfm\/wp-json\/wp\/v2\/posts"}],"about":[{"href":"https:\/\/sertv.gob.pa\/nacionalfm\/wp-json\/wp\/v2\/types\/post"}],"author":[{"embeddable":true,"href":"https:\/\/sertv.gob.pa\/nacionalfm\/wp-json\/wp\/v2\/users\/9"}],"replies":[{"embeddable":true,"href":"https:\/\/sertv.gob.pa\/nacionalfm\/wp-json\/wp\/v2\/comments?post=79321"}],"version-history":[{"count":1,"href":"https:\/\/sertv.gob.pa\/nacionalfm\/wp-json\/wp\/v2\/posts\/79321\/revisions"}],"predecessor-version":[{"id":79323,"href":"https:\/\/sertv.gob.pa\/nacionalfm\/wp-json\/wp\/v2\/posts\/79321\/revisions\/79323"}],"wp:featuredmedia":[{"embeddable":true,"href":"https:\/\/sertv.gob.pa\/nacionalfm\/wp-json\/wp\/v2\/media\/79322"}],"wp:attachment":[{"href":"https:\/\/sertv.gob.pa\/nacionalfm\/wp-json\/wp\/v2\/media?parent=79321"}],"wp:term":[{"taxonomy":"category","embeddable":true,"href":"https:\/\/sertv.gob.pa\/nacionalfm\/wp-json\/wp\/v2\/categories?post=79321"},{"taxonomy":"post_tag","embeddable":true,"href":"https:\/\/sertv.gob.pa\/nacionalfm\/wp-json\/wp\/v2\/tags?post=79321"}],"curies":[{"name":"wp","href":"https:\/\/api.w.org\/{rel}","templated":true}]}}