{"id":79361,"date":"2022-02-25T17:57:59","date_gmt":"2022-02-25T17:57:59","guid":{"rendered":"https:\/\/sertv.gob.pa\/nacionalfm\/?p=79361"},"modified":"2022-02-25T17:57:59","modified_gmt":"2022-02-25T17:57:59","slug":"alemania-destinara-mas-soldados-y-armas-para-reforzar-la-otan","status":"publish","type":"post","link":"https:\/\/sertv.gob.pa\/nacionalfm\/alemania-destinara-mas-soldados-y-armas-para-reforzar-la-otan\/","title":{"rendered":"Alemania destinar\u00e1 m\u00e1s soldados y armas para reforzar la OTAN"},"content":{"rendered":"<p><strong><em>BERL\u00cdN, (DPA\/EP) \u2013<\/em><\/strong><\/p>\n<p><strong><em>\u00a0<\/em><\/strong><\/p>\n<p>Alemania aportar\u00e1 m\u00e1s soldados y sistemas de armamento para proteger a sus socios de la OTAN en Europa del Este, seg\u00fan ha confirmado este viernes la ministra de Defensa, Christine Lambrecht, en declaraciones a la agencia de noticias DPA.<\/p>\n<p>El objetivo com\u00fan, seg\u00fan Lambrecht, es reforzar la \u00abdisuasi\u00f3n\u00bb y enviar \u00abuna se\u00f1al de alto\u00bb al presidente de Rusia, Vladimir Putin. \u00abEn la OTAN observamos con gran preocupaci\u00f3n que (Putin), en su declaraci\u00f3n de guerra, tambi\u00e9n amenaz\u00f3 encubiertamente con utilizar armas nucleares\u00bb, ha apuntado, antes de asegurar que, no obstante, los aliados han demostrado \u00abcon la disuasi\u00f3n, con unidad y clara posici\u00f3n\u00bb que no se dejar\u00e1n \u00abintimidar\u00bb.<\/p>\n<p>\u00abUn ataque a un aliado ser\u00eda un ataque a todos nosotros, con terribles consecuencias para Rusia. Putin tambi\u00e9n lo sabe\u00bb, ha agregado Lambrecht.<\/p>\n<p>Este s\u00e1bado est\u00e1 previsto que zarpe el buque de reconocimiento de la marina &#8216;Alster&#8217; al mar B\u00e1ltico. \u00abTambi\u00e9n desplegaremos una fragata y una corbeta, estamos preparando m\u00e1s y nos involucraremos en la vigilancia y la defensa a\u00e9rea\u00bb, ha puntualizado Lambrecht, que ha incidido en que Alemania es \u00abun socio fiable de la OTAN\u00bb.<\/p>\n<p>Seg\u00fan informaci\u00f3n a la que ha tenido acceso DPA, los planes prev\u00e9n la llegada a Eslovaquia de los sistemas alemanes de defensa antia\u00e9rea &#8216;Patriot&#8217;. La mayor protecci\u00f3n del espacio a\u00e9reo solicitada por los socios b\u00e1lticos de la OTAN, como Lituania, se llevar\u00e1 a cabo desde los buques del mar B\u00e1ltico.<\/p>\n<p>Eslovaquia tambi\u00e9n solicit\u00f3 un grupo de combate de la OTAN dirigido por Alemania, como el que existe en Lituania. Sin embargo, seg\u00fan el estado actual de la planificaci\u00f3n, Alemania probablemente participar\u00e1 primero en una unidad de la OTAN anunciada por Francia en Ruman\u00eda.<\/p>\n<p>Desde este jueves, la Bundeswehr &#8211;Fuerzas Armadas&#8211; participa en el reabastecimiento a\u00e9reo de los aviones de la OTAN que aseguran el espacio a\u00e9reo a lo largo del flanco oriental y sudoriental de la Alianza.<\/p>\n<p>&nbsp;<\/p>\n<p>Fuente: DPA\/EP<\/p>\n","protected":false},"excerpt":{"rendered":"<p>BERL\u00cdN, (DPA\/EP) \u2013 \u00a0 Alemania aportar\u00e1 m\u00e1s soldados y sistemas <a href=\"https:\/\/sertv.gob.pa\/nacionalfm\/alemania-destinara-mas-soldados-y-armas-para-reforzar-la-otan\/\"> [&#8230;]<\/a><\/p>\n","protected":false},"author":9,"featured_media":79362,"comment_status":"closed","ping_status":"closed","sticky":false,"template":"","format":"standard","meta":{"footnotes":""},"categories":[3],"tags":[],"class_list":["post-79361","post","type-post","status-publish","format-standard","has-post-thumbnail","hentry","category-internacionales"],"_links":{"self":[{"href":"https:\/\/sertv.gob.pa\/nacionalfm\/wp-json\/wp\/v2\/posts\/79361","targetHints":{"allow":["GET"]}}],"collection":[{"href":"https:\/\/sertv.gob.pa\/nacionalfm\/wp-json\/wp\/v2\/posts"}],"about":[{"href":"https:\/\/sertv.gob.pa\/nacionalfm\/wp-json\/wp\/v2\/types\/post"}],"author":[{"embeddable":true,"href":"https:\/\/sertv.gob.pa\/nacionalfm\/wp-json\/wp\/v2\/users\/9"}],"replies":[{"embeddable":true,"href":"https:\/\/sertv.gob.pa\/nacionalfm\/wp-json\/wp\/v2\/comments?post=79361"}],"version-history":[{"count":1,"href":"https:\/\/sertv.gob.pa\/nacionalfm\/wp-json\/wp\/v2\/posts\/79361\/revisions"}],"predecessor-version":[{"id":79363,"href":"https:\/\/sertv.gob.pa\/nacionalfm\/wp-json\/wp\/v2\/posts\/79361\/revisions\/79363"}],"wp:featuredmedia":[{"embeddable":true,"href":"https:\/\/sertv.gob.pa\/nacionalfm\/wp-json\/wp\/v2\/media\/79362"}],"wp:attachment":[{"href":"https:\/\/sertv.gob.pa\/nacionalfm\/wp-json\/wp\/v2\/media?parent=79361"}],"wp:term":[{"taxonomy":"category","embeddable":true,"href":"https:\/\/sertv.gob.pa\/nacionalfm\/wp-json\/wp\/v2\/categories?post=79361"},{"taxonomy":"post_tag","embeddable":true,"href":"https:\/\/sertv.gob.pa\/nacionalfm\/wp-json\/wp\/v2\/tags?post=79361"}],"curies":[{"name":"wp","href":"https:\/\/api.w.org\/{rel}","templated":true}]}}