{"id":79416,"date":"2022-03-02T18:44:18","date_gmt":"2022-03-02T18:44:18","guid":{"rendered":"https:\/\/sertv.gob.pa\/nacionalfm\/?p=79416"},"modified":"2022-03-02T18:44:18","modified_gmt":"2022-03-02T18:44:18","slug":"la-asamblea-general-de-la-onu-adopta-la-resolucion-de-condena-a-la-invasion-de-ucrania-en-sesion-extraordinaria","status":"publish","type":"post","link":"https:\/\/sertv.gob.pa\/nacionalfm\/la-asamblea-general-de-la-onu-adopta-la-resolucion-de-condena-a-la-invasion-de-ucrania-en-sesion-extraordinaria\/","title":{"rendered":"La Asamblea General de la ONU adopta la resoluci\u00f3n de condena a la invasi\u00f3n de Ucrania en sesi\u00f3n extraordinaria"},"content":{"rendered":"<p><strong><em>MADRID, (EUROPA PRESS) &#8211;<\/em><\/strong><\/p>\n<p>&nbsp;<\/p>\n<p>La Asamblea General de Naciones Unidas ha adoptado este mi\u00e9rcoles una resoluci\u00f3n de condena a la invasi\u00f3n de Ucrania en una sesi\u00f3n especial de emergencia, la und\u00e9cima del organismo en su historia.<\/p>\n<p>La resoluci\u00f3n ha salido adelante con el apoyo de 141 pa\u00edses, mientras que cinco &#8211;Rusia, Bielorrusia, Siria, Corea del Norte y Eritrea&#8211; han votado en contra. Por su parte, 35 &#8211;entre los que destacan China, India, Bolivia, Cuba, El Salvador, Nicaragua, Ir\u00e1n, Irak, Kazajist\u00e1n o Vietnam&#8211; se han abstenido.<\/p>\n<p>La decisi\u00f3n de celebrar esta sesi\u00f3n fue adoptada el domingo por el Consejo de Seguridad de la ONU, donde Rusia hab\u00eda utilizado previamente su derecho a veto para bloquear una declaraci\u00f3n de condena a su ofensiva. En este caso, la votaci\u00f3n sali\u00f3 adelante tras ser celebrada en un modelo en el que los pa\u00edses con derecho a veto no pueden aplicarlo.<\/p>\n<p>As\u00ed, la votaci\u00f3n prosper\u00f3 con once votos a favor, tres abstenciones &#8211;China, Emiratos \u00c1rabes Unidos (EAU) y India&#8211; y un voto en contra, el de Rusia.<\/p>\n<p><strong>\u00a0<\/strong><\/p>\n<p>Fuente: EUROPA PRESS<\/p>\n","protected":false},"excerpt":{"rendered":"<p>MADRID, (EUROPA PRESS) &#8211; &nbsp; La Asamblea General de Naciones <a href=\"https:\/\/sertv.gob.pa\/nacionalfm\/la-asamblea-general-de-la-onu-adopta-la-resolucion-de-condena-a-la-invasion-de-ucrania-en-sesion-extraordinaria\/\"> [&#8230;]<\/a><\/p>\n","protected":false},"author":9,"featured_media":79417,"comment_status":"closed","ping_status":"closed","sticky":false,"template":"","format":"standard","meta":{"footnotes":""},"categories":[3],"tags":[],"class_list":["post-79416","post","type-post","status-publish","format-standard","has-post-thumbnail","hentry","category-internacionales"],"_links":{"self":[{"href":"https:\/\/sertv.gob.pa\/nacionalfm\/wp-json\/wp\/v2\/posts\/79416","targetHints":{"allow":["GET"]}}],"collection":[{"href":"https:\/\/sertv.gob.pa\/nacionalfm\/wp-json\/wp\/v2\/posts"}],"about":[{"href":"https:\/\/sertv.gob.pa\/nacionalfm\/wp-json\/wp\/v2\/types\/post"}],"author":[{"embeddable":true,"href":"https:\/\/sertv.gob.pa\/nacionalfm\/wp-json\/wp\/v2\/users\/9"}],"replies":[{"embeddable":true,"href":"https:\/\/sertv.gob.pa\/nacionalfm\/wp-json\/wp\/v2\/comments?post=79416"}],"version-history":[{"count":1,"href":"https:\/\/sertv.gob.pa\/nacionalfm\/wp-json\/wp\/v2\/posts\/79416\/revisions"}],"predecessor-version":[{"id":79418,"href":"https:\/\/sertv.gob.pa\/nacionalfm\/wp-json\/wp\/v2\/posts\/79416\/revisions\/79418"}],"wp:featuredmedia":[{"embeddable":true,"href":"https:\/\/sertv.gob.pa\/nacionalfm\/wp-json\/wp\/v2\/media\/79417"}],"wp:attachment":[{"href":"https:\/\/sertv.gob.pa\/nacionalfm\/wp-json\/wp\/v2\/media?parent=79416"}],"wp:term":[{"taxonomy":"category","embeddable":true,"href":"https:\/\/sertv.gob.pa\/nacionalfm\/wp-json\/wp\/v2\/categories?post=79416"},{"taxonomy":"post_tag","embeddable":true,"href":"https:\/\/sertv.gob.pa\/nacionalfm\/wp-json\/wp\/v2\/tags?post=79416"}],"curies":[{"name":"wp","href":"https:\/\/api.w.org\/{rel}","templated":true}]}}