{"id":79419,"date":"2022-03-02T19:03:27","date_gmt":"2022-03-02T19:03:27","guid":{"rendered":"https:\/\/sertv.gob.pa\/nacionalfm\/?p=79419"},"modified":"2022-03-02T19:03:27","modified_gmt":"2022-03-02T19:03:27","slug":"rusia-reconoce-casi-500-militares-muertos-en-una-semana-de-ofensiva-militar-en-ucrania","status":"publish","type":"post","link":"https:\/\/sertv.gob.pa\/nacionalfm\/rusia-reconoce-casi-500-militares-muertos-en-una-semana-de-ofensiva-militar-en-ucrania\/","title":{"rendered":"Rusia reconoce casi 500 militares muertos en una semana de ofensiva militar en Ucrania"},"content":{"rendered":"<p>Se trata de la primera vez que la cartera de Defensa rusa proporciona una cifra concreta de muertos en la ofensiva<\/p>\n<p><strong><em>MADRID, (EUROPA PRESS) \u2013<\/em><\/strong><\/p>\n<p><strong><em>\u00a0<\/em><\/strong><\/p>\n<p>El Ministerio de Defensa de Rusia ha reconocido este mi\u00e9rcoles la muerte de 498 militares del pa\u00eds en el marco de la ofensiva militar lanzada en Ucrania, que cumple una semana en la madrugada de este jueves.<\/p>\n<p>As\u00ed lo ha trasladado el portavoz del Ministerio de Defensa ruso, Igor Konashenkov, que ha cifrado en 2.870 los \u00abmilitares y nacionalistas\u00bb ucranianos muertos y en unas 3.700 las personas heridas en el marco del conflicto.<\/p>\n<p>Se trata de la primera vez que la cartera de Defensa rusa proporciona una cifra concreta de muertos en la ofensiva, si bien hace d\u00edas reconoci\u00f3 la existencia de bajas.<\/p>\n<p>Seg\u00fan Konashenkov, el Ej\u00e9rcito ruso ha destruido 1.533 infraestructuras militares en Ucrania, incluidos 54 puestos de mando y centros de comunicaci\u00f3n de las Fuerzas Armadas de Ucrania, 39 sistemas de misiles antia\u00e9reos S-300, Buk M-1 y Osa y 52 estaciones de radar, ha recogido la agencia de noticias rusa Interfax.<\/p>\n<p>Adem\u00e1s, seg\u00fan los datos proporcionados, los efectivos rusos han destruido 47 aviones en tierra, 13 aviones en el aire, 484 tanques y otros veh\u00edculos blindados de combate, 63 lanzacohetes m\u00faltiples, 217 ca\u00f1ones de artiller\u00eda de campa\u00f1a y morteros y 47 veh\u00edculos a\u00e9reos no tripulados, entre otras.<\/p>\n<p>&nbsp;<\/p>\n<p>Fuente: EUROPA PRESS<\/p>\n<p>&nbsp;<\/p>\n","protected":false},"excerpt":{"rendered":"<p>Se trata de la primera vez que la cartera de <a href=\"https:\/\/sertv.gob.pa\/nacionalfm\/rusia-reconoce-casi-500-militares-muertos-en-una-semana-de-ofensiva-militar-en-ucrania\/\"> [&#8230;]<\/a><\/p>\n","protected":false},"author":9,"featured_media":79420,"comment_status":"closed","ping_status":"closed","sticky":false,"template":"","format":"standard","meta":{"footnotes":""},"categories":[3],"tags":[],"class_list":["post-79419","post","type-post","status-publish","format-standard","has-post-thumbnail","hentry","category-internacionales"],"_links":{"self":[{"href":"https:\/\/sertv.gob.pa\/nacionalfm\/wp-json\/wp\/v2\/posts\/79419","targetHints":{"allow":["GET"]}}],"collection":[{"href":"https:\/\/sertv.gob.pa\/nacionalfm\/wp-json\/wp\/v2\/posts"}],"about":[{"href":"https:\/\/sertv.gob.pa\/nacionalfm\/wp-json\/wp\/v2\/types\/post"}],"author":[{"embeddable":true,"href":"https:\/\/sertv.gob.pa\/nacionalfm\/wp-json\/wp\/v2\/users\/9"}],"replies":[{"embeddable":true,"href":"https:\/\/sertv.gob.pa\/nacionalfm\/wp-json\/wp\/v2\/comments?post=79419"}],"version-history":[{"count":1,"href":"https:\/\/sertv.gob.pa\/nacionalfm\/wp-json\/wp\/v2\/posts\/79419\/revisions"}],"predecessor-version":[{"id":79422,"href":"https:\/\/sertv.gob.pa\/nacionalfm\/wp-json\/wp\/v2\/posts\/79419\/revisions\/79422"}],"wp:featuredmedia":[{"embeddable":true,"href":"https:\/\/sertv.gob.pa\/nacionalfm\/wp-json\/wp\/v2\/media\/79420"}],"wp:attachment":[{"href":"https:\/\/sertv.gob.pa\/nacionalfm\/wp-json\/wp\/v2\/media?parent=79419"}],"wp:term":[{"taxonomy":"category","embeddable":true,"href":"https:\/\/sertv.gob.pa\/nacionalfm\/wp-json\/wp\/v2\/categories?post=79419"},{"taxonomy":"post_tag","embeddable":true,"href":"https:\/\/sertv.gob.pa\/nacionalfm\/wp-json\/wp\/v2\/tags?post=79419"}],"curies":[{"name":"wp","href":"https:\/\/api.w.org\/{rel}","templated":true}]}}