{"id":79449,"date":"2022-03-03T12:04:18","date_gmt":"2022-03-03T12:04:18","guid":{"rendered":"https:\/\/sertv.gob.pa\/nacionalfm\/?p=79449"},"modified":"2022-03-03T12:04:18","modified_gmt":"2022-03-03T12:04:18","slug":"escuelas-programas-y-extensiones-ultiman-detalles-para-el-inicio-de-clases","status":"publish","type":"post","link":"https:\/\/sertv.gob.pa\/nacionalfm\/escuelas-programas-y-extensiones-ultiman-detalles-para-el-inicio-de-clases\/","title":{"rendered":"Escuelas, Programas y Extensiones ultiman detalles para el inicio de clases"},"content":{"rendered":"<p>Supervisores, directivos y docentes del Instituto Paname\u00f1o de Habilitaci\u00f3n Especial (IPHE), se encuentran listo para garantizar el acceso de los 16,185 estudiantes y sus familias al proceso de ense\u00f1anza y aprendizaje, a la vez contribuir al desarrollo personal y social de los ni\u00f1os, ni\u00f1as y adolescentes con discapacidad y su inserci\u00f3n a la vida como persona \u00fatil e independiente.<\/p>\n<p>Como la principal entidad de Educaci\u00f3n Especial, el IPHE, ofrece servicios, recursos y apoyos educativos en Atenci\u00f3n Educativa a los estudiantes con alg\u00fan tipo o condici\u00f3n de discapacidad, ya sea Intelectual, Visual, Auditiva; Discapacidad Neuromotora y Autismo.<\/p>\n<p>En las Escuelas y Programas de la sede central incluyendo el Programa de Par\u00e1lisis Cerebral, Programa de Estimulaci\u00f3n Precoz (PEP) y la Escuela Vocacional Especial (EVE), se realiz\u00f3 presentaci\u00f3n del equipo docente que se integra por primera vez, se imparti\u00f3 los Lineamientos Generales de Organizaci\u00f3n y Gesti\u00f3n Escolar 2022, a trav\u00e9s de reuniones de coordinaci\u00f3n.<\/p>\n<p>Por otro lado, los docentes en sus \u00e1reas de responsabilidad, contin\u00faan la organizaci\u00f3n de las aulas de clases, ordenamiento \u00a0de los materiales did\u00e1cticos, equipos, mobiliario escolar y los insumos de bioseguridad, que fueron entregados durante la semana de Organizaci\u00f3n Docente.<\/p>\n<p>Similares actividades, ocurre en las Extensiones, donde tambi\u00e9n se elaboran los murales de bienvenida, los docentes realizan sus planificaciones acad\u00e9micas, detallan los temas de las medidas de bioseguridad, para que los estudiantes est\u00e9n seguros y se sientan c\u00f3modos en este retorno presencial.<\/p>\n<p>Se realizan recorridos por los Centros Educativos Inclusivos por parte de los directores de las Extensiones, conversando con los docentes asignados a esas aulas y observar las condiciones que se le ofrecen a los estudiantes y evaluar las posibilidades de apoyos por parte de la instituci\u00f3n, tambi\u00e9n se efect\u00faa coordinaciones con el equipo t\u00e9cnico, analizando, revisando, realizando horarios y cronogramas de atenci\u00f3n para este inicio del a\u00f1o escolar.<\/p>\n<p>&nbsp;<\/p>\n<p>Fuente: IPHE<\/p>\n","protected":false},"excerpt":{"rendered":"<p>Supervisores, directivos y docentes del Instituto Paname\u00f1o de Habilitaci\u00f3n Especial <a href=\"https:\/\/sertv.gob.pa\/nacionalfm\/escuelas-programas-y-extensiones-ultiman-detalles-para-el-inicio-de-clases\/\"> [&#8230;]<\/a><\/p>\n","protected":false},"author":9,"featured_media":79450,"comment_status":"closed","ping_status":"closed","sticky":false,"template":"","format":"standard","meta":{"footnotes":""},"categories":[2],"tags":[],"class_list":["post-79449","post","type-post","status-publish","format-standard","has-post-thumbnail","hentry","category-nacionales"],"_links":{"self":[{"href":"https:\/\/sertv.gob.pa\/nacionalfm\/wp-json\/wp\/v2\/posts\/79449","targetHints":{"allow":["GET"]}}],"collection":[{"href":"https:\/\/sertv.gob.pa\/nacionalfm\/wp-json\/wp\/v2\/posts"}],"about":[{"href":"https:\/\/sertv.gob.pa\/nacionalfm\/wp-json\/wp\/v2\/types\/post"}],"author":[{"embeddable":true,"href":"https:\/\/sertv.gob.pa\/nacionalfm\/wp-json\/wp\/v2\/users\/9"}],"replies":[{"embeddable":true,"href":"https:\/\/sertv.gob.pa\/nacionalfm\/wp-json\/wp\/v2\/comments?post=79449"}],"version-history":[{"count":1,"href":"https:\/\/sertv.gob.pa\/nacionalfm\/wp-json\/wp\/v2\/posts\/79449\/revisions"}],"predecessor-version":[{"id":79452,"href":"https:\/\/sertv.gob.pa\/nacionalfm\/wp-json\/wp\/v2\/posts\/79449\/revisions\/79452"}],"wp:featuredmedia":[{"embeddable":true,"href":"https:\/\/sertv.gob.pa\/nacionalfm\/wp-json\/wp\/v2\/media\/79450"}],"wp:attachment":[{"href":"https:\/\/sertv.gob.pa\/nacionalfm\/wp-json\/wp\/v2\/media?parent=79449"}],"wp:term":[{"taxonomy":"category","embeddable":true,"href":"https:\/\/sertv.gob.pa\/nacionalfm\/wp-json\/wp\/v2\/categories?post=79449"},{"taxonomy":"post_tag","embeddable":true,"href":"https:\/\/sertv.gob.pa\/nacionalfm\/wp-json\/wp\/v2\/tags?post=79449"}],"curies":[{"name":"wp","href":"https:\/\/api.w.org\/{rel}","templated":true}]}}