{"id":79462,"date":"2022-03-03T18:56:02","date_gmt":"2022-03-03T18:56:02","guid":{"rendered":"https:\/\/sertv.gob.pa\/nacionalfm\/?p=79462"},"modified":"2022-03-03T18:56:02","modified_gmt":"2022-03-03T18:56:02","slug":"ucrania-y-rusia-acuerdan-el-establecimiento-de-corredores-humanitarios-y-volver-a-reunirse-pronto","status":"publish","type":"post","link":"https:\/\/sertv.gob.pa\/nacionalfm\/ucrania-y-rusia-acuerdan-el-establecimiento-de-corredores-humanitarios-y-volver-a-reunirse-pronto\/","title":{"rendered":"Ucrania y Rusia acuerdan el establecimiento de corredores humanitarios y volver a reunirse \u00abpronto\u00bb"},"content":{"rendered":"<p><strong><em>MADRID, (EUROPA PRESS) \u2013<\/em><\/strong><\/p>\n<p>&nbsp;<\/p>\n<p>Ucrania y Rusia han acordado este jueves el establecimiento de corredores humanitarios para la evacuaci\u00f3n y la entrega de alimentos y medicinas en el marco del conflicto, seg\u00fan ha anunciado la parte ucraniana al t\u00e9rmino de la segunda ronda de conversaciones, di\u00e1logos que se repetir\u00e1n \u00abpronto\u00bb.<\/p>\n<p>As\u00ed lo ha trasladado el asesor de la Presidencia de Ucrania, Mijailo Podoliak, a trav\u00e9s de su cuenta en la red social Twitter, donde tambi\u00e9n ha lamentado que Ucrania \u00aba\u00fan no ha conseguido los resultados que necesita\u00bb.<\/p>\n<p>Seg\u00fan ha recogido el portal de noticias ucraniano Babel, Podoliak ha detallado que las partes han abordado la posibilidad de establecer un alto el fuego mientras se hace entrega de los alimentos y las medicinas. Rusia y Ucrania crear\u00e1n un canal de comunicaci\u00f3n especial para discutir la posibilidad de establecer los citados corredores.<\/p>\n<p>Asimismo, ambas partes han acordado volver a reunirse \u00abpronto\u00bb, en la que ser\u00eda la tercera ronda de conversaciones desde que estall\u00f3 el conflicto hace una semana.<\/p>\n<p>&nbsp;<\/p>\n<p>Fuente: EUROPA PRESS<\/p>\n","protected":false},"excerpt":{"rendered":"<p>MADRID, (EUROPA PRESS) \u2013 &nbsp; Ucrania y Rusia han acordado <a href=\"https:\/\/sertv.gob.pa\/nacionalfm\/ucrania-y-rusia-acuerdan-el-establecimiento-de-corredores-humanitarios-y-volver-a-reunirse-pronto\/\"> [&#8230;]<\/a><\/p>\n","protected":false},"author":9,"featured_media":79463,"comment_status":"closed","ping_status":"closed","sticky":false,"template":"","format":"standard","meta":{"footnotes":""},"categories":[3],"tags":[],"class_list":["post-79462","post","type-post","status-publish","format-standard","has-post-thumbnail","hentry","category-internacionales"],"_links":{"self":[{"href":"https:\/\/sertv.gob.pa\/nacionalfm\/wp-json\/wp\/v2\/posts\/79462","targetHints":{"allow":["GET"]}}],"collection":[{"href":"https:\/\/sertv.gob.pa\/nacionalfm\/wp-json\/wp\/v2\/posts"}],"about":[{"href":"https:\/\/sertv.gob.pa\/nacionalfm\/wp-json\/wp\/v2\/types\/post"}],"author":[{"embeddable":true,"href":"https:\/\/sertv.gob.pa\/nacionalfm\/wp-json\/wp\/v2\/users\/9"}],"replies":[{"embeddable":true,"href":"https:\/\/sertv.gob.pa\/nacionalfm\/wp-json\/wp\/v2\/comments?post=79462"}],"version-history":[{"count":1,"href":"https:\/\/sertv.gob.pa\/nacionalfm\/wp-json\/wp\/v2\/posts\/79462\/revisions"}],"predecessor-version":[{"id":79464,"href":"https:\/\/sertv.gob.pa\/nacionalfm\/wp-json\/wp\/v2\/posts\/79462\/revisions\/79464"}],"wp:featuredmedia":[{"embeddable":true,"href":"https:\/\/sertv.gob.pa\/nacionalfm\/wp-json\/wp\/v2\/media\/79463"}],"wp:attachment":[{"href":"https:\/\/sertv.gob.pa\/nacionalfm\/wp-json\/wp\/v2\/media?parent=79462"}],"wp:term":[{"taxonomy":"category","embeddable":true,"href":"https:\/\/sertv.gob.pa\/nacionalfm\/wp-json\/wp\/v2\/categories?post=79462"},{"taxonomy":"post_tag","embeddable":true,"href":"https:\/\/sertv.gob.pa\/nacionalfm\/wp-json\/wp\/v2\/tags?post=79462"}],"curies":[{"name":"wp","href":"https:\/\/api.w.org\/{rel}","templated":true}]}}