{"id":79465,"date":"2022-03-03T19:10:47","date_gmt":"2022-03-03T19:10:47","guid":{"rendered":"https:\/\/sertv.gob.pa\/nacionalfm\/?p=79465"},"modified":"2022-03-03T19:10:47","modified_gmt":"2022-03-03T19:10:47","slug":"el-expresidente-peruano-alberto-fujimori-es-trasladado-de-urgencia-a-un-hospital","status":"publish","type":"post","link":"https:\/\/sertv.gob.pa\/nacionalfm\/el-expresidente-peruano-alberto-fujimori-es-trasladado-de-urgencia-a-un-hospital\/","title":{"rendered":"El expresidente peruano Alberto Fujimori es trasladado de urgencia a un hospital"},"content":{"rendered":"<p>&nbsp;<\/p>\n<p><strong><em>MADRID, (EUROPA PRESS) \u2013<\/em><\/strong><\/p>\n<p><strong><em>\u00a0<\/em><\/strong><\/p>\n<p>El expresidente de Per\u00fa Alberto Fujimori ha sido trasladado de urgencia este jueves a un hospital de la ciudad de Ate, pr\u00f3xima a la capital del pa\u00eds, Lima, seg\u00fan han confirmado fuentes de la formaci\u00f3n Fuerza Popular.<\/p>\n<p>\u00abEl ritmo card\u00edaco pasaba de 40 pulsaciones por minuto a 160 y estaba tambi\u00e9n desaturando. Al no lograr compensarlo, se decidi\u00f3 trasladarlo al hospital de EsSalud de Ate, ya que era muy largo el trayecto para llevarlo hasta la cl\u00ednica Centenario (en Lima)\u00bb, ha detallado el congresista Alejandro Aguinaga.<\/p>\n<p>Aguinaga ha confirmado a la cadena Canal N que Fujimori ser\u00e1 trasladado m\u00e1s adelante a la mencionada cl\u00ednica, donde ser\u00e1 atendido en la unidad de cuidados intensivos.<\/p>\n<p>El exmandatario ya sufri\u00f3 a comienzos de octubre un episodio parecido tras el cual se le realiz\u00f3 una operaci\u00f3n quir\u00fargica para implantarle un stent coronario, tras lo que \u00abcomenz\u00f3 a saturar mejor\u00bb. \u00abAhora nuevamente se ha descompensado. \u00c9l ha venido sufriendo una fibrosis pulmonar\u00bb, ha detallado Aguinaga.<\/p>\n<p>\u00abEl problema es que (Fujimori) tiene 83 a\u00f1os y una serie de patolog\u00edas que deterioran su salud\u00bb, ha a\u00f1adido el congresista de Fuerza Popular, formaci\u00f3n fundada y liderada por la hija del exmandatario, Keiko Fujimori.<\/p>\n<p>Alberto Fujimori fue extraditado desde Chile en 2007 para ser juzgado por delitos de lesa humanidad por las masacres de Barrios Altos y La Cantuta, en las que fueron asesinadas una veintena de personas, por los que cumple actualmente una condena de 25 a\u00f1os.<\/p>\n<p>El Gobierno peruano ha anunciado que solicitar\u00e1 a las autoridades de Chile una nueva ampliaci\u00f3n de la extradici\u00f3n para que pueda ser juzgado por otros seis delitos m\u00e1s, entre ellos los de homicidio y secuestro.<\/p>\n<p>La Justicia de Per\u00fa tambi\u00e9n aprob\u00f3 a mediados de diciembre la apertura de un proceso penal contra el expresidente, as\u00ed como varios de sus ministros de Salud, por el caso de esterilizaciones forzosas a casi 350.000 mujeres y 25.000 hombres de diferentes comunidades ind\u00edgenas durante su gobierno entre los a\u00f1os 1990 y 2000.<\/p>\n<p>Fuente: EUROPA PRESS<\/p>\n","protected":false},"excerpt":{"rendered":"<p>&nbsp; MADRID, (EUROPA PRESS) \u2013 \u00a0 El expresidente de Per\u00fa <a href=\"https:\/\/sertv.gob.pa\/nacionalfm\/el-expresidente-peruano-alberto-fujimori-es-trasladado-de-urgencia-a-un-hospital\/\"> [&#8230;]<\/a><\/p>\n","protected":false},"author":9,"featured_media":79466,"comment_status":"closed","ping_status":"closed","sticky":false,"template":"","format":"standard","meta":{"footnotes":""},"categories":[3],"tags":[],"class_list":["post-79465","post","type-post","status-publish","format-standard","has-post-thumbnail","hentry","category-internacionales"],"_links":{"self":[{"href":"https:\/\/sertv.gob.pa\/nacionalfm\/wp-json\/wp\/v2\/posts\/79465","targetHints":{"allow":["GET"]}}],"collection":[{"href":"https:\/\/sertv.gob.pa\/nacionalfm\/wp-json\/wp\/v2\/posts"}],"about":[{"href":"https:\/\/sertv.gob.pa\/nacionalfm\/wp-json\/wp\/v2\/types\/post"}],"author":[{"embeddable":true,"href":"https:\/\/sertv.gob.pa\/nacionalfm\/wp-json\/wp\/v2\/users\/9"}],"replies":[{"embeddable":true,"href":"https:\/\/sertv.gob.pa\/nacionalfm\/wp-json\/wp\/v2\/comments?post=79465"}],"version-history":[{"count":1,"href":"https:\/\/sertv.gob.pa\/nacionalfm\/wp-json\/wp\/v2\/posts\/79465\/revisions"}],"predecessor-version":[{"id":79467,"href":"https:\/\/sertv.gob.pa\/nacionalfm\/wp-json\/wp\/v2\/posts\/79465\/revisions\/79467"}],"wp:featuredmedia":[{"embeddable":true,"href":"https:\/\/sertv.gob.pa\/nacionalfm\/wp-json\/wp\/v2\/media\/79466"}],"wp:attachment":[{"href":"https:\/\/sertv.gob.pa\/nacionalfm\/wp-json\/wp\/v2\/media?parent=79465"}],"wp:term":[{"taxonomy":"category","embeddable":true,"href":"https:\/\/sertv.gob.pa\/nacionalfm\/wp-json\/wp\/v2\/categories?post=79465"},{"taxonomy":"post_tag","embeddable":true,"href":"https:\/\/sertv.gob.pa\/nacionalfm\/wp-json\/wp\/v2\/tags?post=79465"}],"curies":[{"name":"wp","href":"https:\/\/api.w.org\/{rel}","templated":true}]}}