{"id":79468,"date":"2022-03-03T19:38:15","date_gmt":"2022-03-03T19:38:15","guid":{"rendered":"https:\/\/sertv.gob.pa\/nacionalfm\/?p=79468"},"modified":"2022-03-03T19:38:15","modified_gmt":"2022-03-03T19:38:15","slug":"putin-asegura-que-la-operacion-especial-en-ucrania-marcha-segun-el-plan-previsto","status":"publish","type":"post","link":"https:\/\/sertv.gob.pa\/nacionalfm\/putin-asegura-que-la-operacion-especial-en-ucrania-marcha-segun-el-plan-previsto\/","title":{"rendered":"Putin asegura que la \u00aboperaci\u00f3n especial\u00bb en Ucrania marcha seg\u00fan \u00abel plan\u00bb previsto"},"content":{"rendered":"<p><strong><em>MADRID, (EUROPA PRESS) \u2013<\/em><\/strong><\/p>\n<p><strong><em>\u00a0<\/em><\/strong><\/p>\n<p>El presidente de Rusia, Vladimir Putin, ha asegurado este jueves que la \u00aboperaci\u00f3n especial\u00bb en Ucrania marcha seg\u00fan \u00abel plan previsto\u00bb, cuando se cumple ya una semana desde el inicio de la agresi\u00f3n sobre territorio ucraniano.<\/p>\n<p>\u00abLa operaci\u00f3n especial se est\u00e1 desarrollando seg\u00fan los plazos previstos en el plan. Todas las misiones se est\u00e1n llevando a cabo con \u00e9xito\u00bb, ha asegurado Putin durante una reuni\u00f3n del Consejo de Seguridad, informan agencia rusas.<\/p>\n<p>El jefe del Kremlin tambi\u00e9n ha apelado a la uni\u00f3n del pueblo ruso, al que ha pedido que apoye a todas aquellas familias que han perdido alguno de sus miembros \u00aben el campo de batalla luchando por la seguridad de la patria\u00bb.<\/p>\n<p>Durante este encuentro con los altos mandos de las Fuerzas Armadas, Putin ha denunciado que los \u00abnacionalistas ucranianos\u00bb han estado tomando como \u00abrehenes\u00bb a ciudadanos extranjeros, incluidos \u00abmiles de estudiantes\u00bb.<\/p>\n<p>Estas declaraciones de Putin se han dado en paralelo a una nueva rueda de prensa del presidente ucraniano, Volodomir Zelenski, en la que ha pedido a su hom\u00f3logo en el Kremlin sentarse a negociar, pidiendo que las tropas rusas salgan de territorio ucraniano. \u00ab\u00bfQu\u00e9 quieres de nosotros? Sal de nuestro pa\u00eds\u00bb, ha dicho.<\/p>\n<p>Mientras tanto, este jueves Rusia y Ucrania han concluido la segunda ronda de negociaciones que se han llevado a cabo en Bielorrusia, acordando establecer una serie de corredores humanitarios para las evacuaciones y la entrega de alimentos y medicinas, as\u00ed como la promesa de volver a reunirse \u00abpronto\u00bb.<\/p>\n<p>&nbsp;<\/p>\n<p>Fuente: EUROPA PRESS<\/p>\n","protected":false},"excerpt":{"rendered":"<p>MADRID, (EUROPA PRESS) \u2013 \u00a0 El presidente de Rusia, Vladimir <a href=\"https:\/\/sertv.gob.pa\/nacionalfm\/putin-asegura-que-la-operacion-especial-en-ucrania-marcha-segun-el-plan-previsto\/\"> [&#8230;]<\/a><\/p>\n","protected":false},"author":9,"featured_media":79469,"comment_status":"closed","ping_status":"closed","sticky":false,"template":"","format":"standard","meta":{"footnotes":""},"categories":[3],"tags":[],"class_list":["post-79468","post","type-post","status-publish","format-standard","has-post-thumbnail","hentry","category-internacionales"],"_links":{"self":[{"href":"https:\/\/sertv.gob.pa\/nacionalfm\/wp-json\/wp\/v2\/posts\/79468","targetHints":{"allow":["GET"]}}],"collection":[{"href":"https:\/\/sertv.gob.pa\/nacionalfm\/wp-json\/wp\/v2\/posts"}],"about":[{"href":"https:\/\/sertv.gob.pa\/nacionalfm\/wp-json\/wp\/v2\/types\/post"}],"author":[{"embeddable":true,"href":"https:\/\/sertv.gob.pa\/nacionalfm\/wp-json\/wp\/v2\/users\/9"}],"replies":[{"embeddable":true,"href":"https:\/\/sertv.gob.pa\/nacionalfm\/wp-json\/wp\/v2\/comments?post=79468"}],"version-history":[{"count":1,"href":"https:\/\/sertv.gob.pa\/nacionalfm\/wp-json\/wp\/v2\/posts\/79468\/revisions"}],"predecessor-version":[{"id":79471,"href":"https:\/\/sertv.gob.pa\/nacionalfm\/wp-json\/wp\/v2\/posts\/79468\/revisions\/79471"}],"wp:featuredmedia":[{"embeddable":true,"href":"https:\/\/sertv.gob.pa\/nacionalfm\/wp-json\/wp\/v2\/media\/79469"}],"wp:attachment":[{"href":"https:\/\/sertv.gob.pa\/nacionalfm\/wp-json\/wp\/v2\/media?parent=79468"}],"wp:term":[{"taxonomy":"category","embeddable":true,"href":"https:\/\/sertv.gob.pa\/nacionalfm\/wp-json\/wp\/v2\/categories?post=79468"},{"taxonomy":"post_tag","embeddable":true,"href":"https:\/\/sertv.gob.pa\/nacionalfm\/wp-json\/wp\/v2\/tags?post=79468"}],"curies":[{"name":"wp","href":"https:\/\/api.w.org\/{rel}","templated":true}]}}