{"id":79518,"date":"2022-03-04T18:13:24","date_gmt":"2022-03-04T18:13:24","guid":{"rendered":"https:\/\/sertv.gob.pa\/nacionalfm\/?p=79518"},"modified":"2022-03-04T18:13:24","modified_gmt":"2022-03-04T18:13:24","slug":"francia-y-reino-unido-acusan-a-rusia-de-atacar-deliberadamente-la-central-nuclear-de-zaporiyia","status":"publish","type":"post","link":"https:\/\/sertv.gob.pa\/nacionalfm\/francia-y-reino-unido-acusan-a-rusia-de-atacar-deliberadamente-la-central-nuclear-de-zaporiyia\/","title":{"rendered":"Francia y Reino Unido acusan a Rusia de atacar deliberadamente la central nuclear de Zaporiyia"},"content":{"rendered":"<p><strong><em>NUEVA YORK, (DPA\/EP) \u2013<\/em><\/strong><\/p>\n<p>&nbsp;<\/p>\n<p>Las autoridades de Francia y de Reino Unido han acusado este viernes a Rusia de atacar de forma deliberada la central nuclear de Zaporiyia, donde se registr\u00f3 un incendio tras un ataque ruso perpetrado esta madrugada.<\/p>\n<p>\u00abEsta es la primera vez que un Estado ataca una planta de energ\u00eda nuclear en funcionamiento. Esto est\u00e1 claramente prohibido por el Derecho Internacional y los Convenios de Ginebra\u00bb, ha se\u00f1alado la embajadora brit\u00e1nica ante Naciones Unidas, Barbara Woodward.<\/p>\n<p>De igual modo, su hom\u00f3logo franc\u00e9s, Nicolas de Riviere, ha denunciado durante una reuni\u00f3n de emergencia del Consejo de Seguridad de Naciones Unidas que el incidente supone un \u00abataque\u00bb a la central nuclear.<\/p>\n<p>La central nuclear de Zaporiyia, la m\u00e1s grande de Europa, ha ca\u00eddo este viernes en manos de Rusia horas despu\u00e9s de un ataque con artiller\u00eda perpetrado de madrugada que provoc\u00f3 un incendio en las instalaciones.<\/p>\n<p>Desde el Gobierno ucraniano se ha denunciado al ataque, pues consideran que \u00abse est\u00e1 al borde de la mayor cat\u00e1strofe provocada por el hombre en la historia de la humanidad\u00bb. \u00abEl agresor sigue dando golpes devastadores a Ucrania y no es detenido por los miles de v\u00edctimas\u00bb, ha lamentado el ministro de Energ\u00eda, Herman Glaushchenko.<\/p>\n<p>&nbsp;<\/p>\n<p>Fuente: DPA\/EP<\/p>\n","protected":false},"excerpt":{"rendered":"<p>NUEVA YORK, (DPA\/EP) \u2013 &nbsp; Las autoridades de Francia y <a href=\"https:\/\/sertv.gob.pa\/nacionalfm\/francia-y-reino-unido-acusan-a-rusia-de-atacar-deliberadamente-la-central-nuclear-de-zaporiyia\/\"> [&#8230;]<\/a><\/p>\n","protected":false},"author":9,"featured_media":79519,"comment_status":"closed","ping_status":"closed","sticky":false,"template":"","format":"standard","meta":{"footnotes":""},"categories":[3],"tags":[],"class_list":["post-79518","post","type-post","status-publish","format-standard","has-post-thumbnail","hentry","category-internacionales"],"_links":{"self":[{"href":"https:\/\/sertv.gob.pa\/nacionalfm\/wp-json\/wp\/v2\/posts\/79518","targetHints":{"allow":["GET"]}}],"collection":[{"href":"https:\/\/sertv.gob.pa\/nacionalfm\/wp-json\/wp\/v2\/posts"}],"about":[{"href":"https:\/\/sertv.gob.pa\/nacionalfm\/wp-json\/wp\/v2\/types\/post"}],"author":[{"embeddable":true,"href":"https:\/\/sertv.gob.pa\/nacionalfm\/wp-json\/wp\/v2\/users\/9"}],"replies":[{"embeddable":true,"href":"https:\/\/sertv.gob.pa\/nacionalfm\/wp-json\/wp\/v2\/comments?post=79518"}],"version-history":[{"count":1,"href":"https:\/\/sertv.gob.pa\/nacionalfm\/wp-json\/wp\/v2\/posts\/79518\/revisions"}],"predecessor-version":[{"id":79521,"href":"https:\/\/sertv.gob.pa\/nacionalfm\/wp-json\/wp\/v2\/posts\/79518\/revisions\/79521"}],"wp:featuredmedia":[{"embeddable":true,"href":"https:\/\/sertv.gob.pa\/nacionalfm\/wp-json\/wp\/v2\/media\/79519"}],"wp:attachment":[{"href":"https:\/\/sertv.gob.pa\/nacionalfm\/wp-json\/wp\/v2\/media?parent=79518"}],"wp:term":[{"taxonomy":"category","embeddable":true,"href":"https:\/\/sertv.gob.pa\/nacionalfm\/wp-json\/wp\/v2\/categories?post=79518"},{"taxonomy":"post_tag","embeddable":true,"href":"https:\/\/sertv.gob.pa\/nacionalfm\/wp-json\/wp\/v2\/tags?post=79518"}],"curies":[{"name":"wp","href":"https:\/\/api.w.org\/{rel}","templated":true}]}}