{"id":79522,"date":"2022-03-04T18:40:34","date_gmt":"2022-03-04T18:40:34","guid":{"rendered":"https:\/\/sertv.gob.pa\/nacionalfm\/?p=79522"},"modified":"2022-03-04T18:40:34","modified_gmt":"2022-03-04T18:40:34","slug":"la-ue-condena-el-atroz-crimen-del-atentado-terrorista-en-la-mezquita-de-pakistan","status":"publish","type":"post","link":"https:\/\/sertv.gob.pa\/nacionalfm\/la-ue-condena-el-atroz-crimen-del-atentado-terrorista-en-la-mezquita-de-pakistan\/","title":{"rendered":"La UE condena el \u00abatroz crimen\u00bb del atentado terrorista en la mezquita de Pakist\u00e1n"},"content":{"rendered":"<p><strong><em>MADRID, (EUROPA PRESS) \u2013<\/em><\/strong><\/p>\n<p><strong><em>\u00a0<\/em><\/strong><\/p>\n<p>La Uni\u00f3n Europea ha condenado sin paliativos el \u00abcrimen atroz\u00bb que ha sido el atentado suicida de este viernes contra una mezquita del noroeste de Pakist\u00e1n que ha dejado al menos 56 muertos y unos 190 heridos.<\/p>\n<p>\u00abEste ataque contra los civiles que practicaban su fe es un crimen atroz. La Uni\u00f3n Europea llora junto a las familias de las v\u00edctimas y desea a los heridos una completa y r\u00e1pida recuperaci\u00f3n\u00bb, lamenta la UE en un comunicado de repulsa al atentado contra la mezquita del barrio de Kocha Risaldar, en la ciudad de Peshawar, cerca de la frontera con Afganist\u00e1n y escenario habitual de violencia durante los \u00faltimos a\u00f1os.<\/p>\n<p>Las primeras investigaciones apuntan a que dos terroristas suicidas con chalecos explosivos abrieron fuego contra los guardias de seguridad que custodiaban la mezquita. Un guardia de seguridad y un atacante murieron durante este tiroteo, que no impidi\u00f3 sin embargo al segundo terrorista su entrada en el recinto, donde consigui\u00f3 provocar la gran explosi\u00f3n, seg\u00fan el portavoz de la Polic\u00eda de Peshawar, Mohamad Jan.<\/p>\n<p>La cifra de v\u00edctimas ha sido confirmada por el portavoz del hospital Lady Reading, Mohamad Asim, al periodico Dawn. En el centro m\u00e9dico se encuentran la mayor\u00eda de los heridos por la detonaci\u00f3n, ha precisado Asim, quien adem\u00e1s ha informado de que al menos una decena de supervivientes se encuentran en estado cr\u00edtico, por lo que el n\u00famero de fallecidos podr\u00eda aumentar en las pr\u00f3ximas horas.<\/p>\n<p>La mezquita se encuentra en el bazar del barrio de Kocha Risaldar, una zona de mayor\u00eda chi\u00ed en el centro de la ciudad y la mayor\u00eda de v\u00edctimas pertenecen a esta confesi\u00f3n, amenazada tanto por los talib\u00e1n paquistan\u00edes como por Estado Isl\u00e1mico, aunque de momento ning\u00fan grupo ha asumido la responsabilidad del atentado.<\/p>\n<p>Bruselas pide a las autoridades paquistan\u00edes que \u00ablleven ante la justicia a los responsables\u00bb y reitera su compromiso con los esfuerzos de Pakist\u00e1n en su lucha contra el terrorismo \u00aben todas sus manifestaciones\u00bb.<\/p>\n<p>&nbsp;<\/p>\n<p>Fuente: EUROPA PRESS<\/p>\n","protected":false},"excerpt":{"rendered":"<p>MADRID, (EUROPA PRESS) \u2013 \u00a0 La Uni\u00f3n Europea ha condenado <a href=\"https:\/\/sertv.gob.pa\/nacionalfm\/la-ue-condena-el-atroz-crimen-del-atentado-terrorista-en-la-mezquita-de-pakistan\/\"> [&#8230;]<\/a><\/p>\n","protected":false},"author":9,"featured_media":79523,"comment_status":"closed","ping_status":"closed","sticky":false,"template":"","format":"standard","meta":{"footnotes":""},"categories":[3],"tags":[],"class_list":["post-79522","post","type-post","status-publish","format-standard","has-post-thumbnail","hentry","category-internacionales"],"_links":{"self":[{"href":"https:\/\/sertv.gob.pa\/nacionalfm\/wp-json\/wp\/v2\/posts\/79522","targetHints":{"allow":["GET"]}}],"collection":[{"href":"https:\/\/sertv.gob.pa\/nacionalfm\/wp-json\/wp\/v2\/posts"}],"about":[{"href":"https:\/\/sertv.gob.pa\/nacionalfm\/wp-json\/wp\/v2\/types\/post"}],"author":[{"embeddable":true,"href":"https:\/\/sertv.gob.pa\/nacionalfm\/wp-json\/wp\/v2\/users\/9"}],"replies":[{"embeddable":true,"href":"https:\/\/sertv.gob.pa\/nacionalfm\/wp-json\/wp\/v2\/comments?post=79522"}],"version-history":[{"count":1,"href":"https:\/\/sertv.gob.pa\/nacionalfm\/wp-json\/wp\/v2\/posts\/79522\/revisions"}],"predecessor-version":[{"id":79526,"href":"https:\/\/sertv.gob.pa\/nacionalfm\/wp-json\/wp\/v2\/posts\/79522\/revisions\/79526"}],"wp:featuredmedia":[{"embeddable":true,"href":"https:\/\/sertv.gob.pa\/nacionalfm\/wp-json\/wp\/v2\/media\/79523"}],"wp:attachment":[{"href":"https:\/\/sertv.gob.pa\/nacionalfm\/wp-json\/wp\/v2\/media?parent=79522"}],"wp:term":[{"taxonomy":"category","embeddable":true,"href":"https:\/\/sertv.gob.pa\/nacionalfm\/wp-json\/wp\/v2\/categories?post=79522"},{"taxonomy":"post_tag","embeddable":true,"href":"https:\/\/sertv.gob.pa\/nacionalfm\/wp-json\/wp\/v2\/tags?post=79522"}],"curies":[{"name":"wp","href":"https:\/\/api.w.org\/{rel}","templated":true}]}}