{"id":79578,"date":"2022-03-07T19:05:10","date_gmt":"2022-03-07T19:05:10","guid":{"rendered":"https:\/\/sertv.gob.pa\/nacionalfm\/?p=79578"},"modified":"2022-03-07T19:05:10","modified_gmt":"2022-03-07T19:05:10","slug":"al-menos-13-muertos-tras-un-ataque-aereo-contra-una-panaderia-de-makariv-cerca-de-kiev","status":"publish","type":"post","link":"https:\/\/sertv.gob.pa\/nacionalfm\/al-menos-13-muertos-tras-un-ataque-aereo-contra-una-panaderia-de-makariv-cerca-de-kiev\/","title":{"rendered":"Al menos 13 muertos tras un ataque a\u00e9reo contra una panader\u00eda de Makariv, cerca de Kiev"},"content":{"rendered":"<p><strong><em>MADRID, (EUROPA PRESS) \u2013<\/em><\/strong><\/p>\n<p><strong><em>\u00a0<\/em><\/strong><\/p>\n<p>Las autoridades ucranianas han confirmado que al menos trece personas han fallecido como consecuencia de un ataque a\u00e9reo a una panader\u00eda en Makariv, al oeste de Kiev.<\/p>\n<p>Seg\u00fan ha explicado el Ministerio del Interior en su canal de Telegram, el proyectil a\u00e9reo ha ca\u00eddo en el establecimiento, que no estaba en funcionamiento pero ha causado la muerte de m\u00e1s de una docena de personas.<\/p>\n<p>Los cuerpos del Servicio Estatal de Emergencias han logrado rescatar a cinco personas de entre los escombros. Sin embargo, se teme que la cifra de fallecidos pueda aumentar dado que en el lugar de los hechos se encontraban unas 30 personas.<\/p>\n<p>Este mismo lunes, el alcalde de Kiev, Vitaly Klitschko, ha reconocido que los enfrentamientos \u00abferoces\u00bb entre las fuerzas rusas y ucranianas segu\u00edan desarroll\u00e1ndose en las inmediaciones de la capital. Klitschko tambi\u00e9n ha alertado de que las tropas de Rusia \u00abmatan a prop\u00f3sito a civiles\u00bb.<\/p>\n<p>&nbsp;<\/p>\n<p>Fuente: EUROPA PRESS<\/p>\n","protected":false},"excerpt":{"rendered":"<p>MADRID, (EUROPA PRESS) \u2013 \u00a0 Las autoridades ucranianas han confirmado <a href=\"https:\/\/sertv.gob.pa\/nacionalfm\/al-menos-13-muertos-tras-un-ataque-aereo-contra-una-panaderia-de-makariv-cerca-de-kiev\/\"> [&#8230;]<\/a><\/p>\n","protected":false},"author":9,"featured_media":79579,"comment_status":"closed","ping_status":"closed","sticky":false,"template":"","format":"standard","meta":{"footnotes":""},"categories":[3],"tags":[],"class_list":["post-79578","post","type-post","status-publish","format-standard","has-post-thumbnail","hentry","category-internacionales"],"_links":{"self":[{"href":"https:\/\/sertv.gob.pa\/nacionalfm\/wp-json\/wp\/v2\/posts\/79578","targetHints":{"allow":["GET"]}}],"collection":[{"href":"https:\/\/sertv.gob.pa\/nacionalfm\/wp-json\/wp\/v2\/posts"}],"about":[{"href":"https:\/\/sertv.gob.pa\/nacionalfm\/wp-json\/wp\/v2\/types\/post"}],"author":[{"embeddable":true,"href":"https:\/\/sertv.gob.pa\/nacionalfm\/wp-json\/wp\/v2\/users\/9"}],"replies":[{"embeddable":true,"href":"https:\/\/sertv.gob.pa\/nacionalfm\/wp-json\/wp\/v2\/comments?post=79578"}],"version-history":[{"count":1,"href":"https:\/\/sertv.gob.pa\/nacionalfm\/wp-json\/wp\/v2\/posts\/79578\/revisions"}],"predecessor-version":[{"id":79580,"href":"https:\/\/sertv.gob.pa\/nacionalfm\/wp-json\/wp\/v2\/posts\/79578\/revisions\/79580"}],"wp:featuredmedia":[{"embeddable":true,"href":"https:\/\/sertv.gob.pa\/nacionalfm\/wp-json\/wp\/v2\/media\/79579"}],"wp:attachment":[{"href":"https:\/\/sertv.gob.pa\/nacionalfm\/wp-json\/wp\/v2\/media?parent=79578"}],"wp:term":[{"taxonomy":"category","embeddable":true,"href":"https:\/\/sertv.gob.pa\/nacionalfm\/wp-json\/wp\/v2\/categories?post=79578"},{"taxonomy":"post_tag","embeddable":true,"href":"https:\/\/sertv.gob.pa\/nacionalfm\/wp-json\/wp\/v2\/tags?post=79578"}],"curies":[{"name":"wp","href":"https:\/\/api.w.org\/{rel}","templated":true}]}}