{"id":79581,"date":"2022-03-07T19:14:30","date_gmt":"2022-03-07T19:14:30","guid":{"rendered":"https:\/\/sertv.gob.pa\/nacionalfm\/?p=79581"},"modified":"2022-03-07T19:14:30","modified_gmt":"2022-03-07T19:14:30","slug":"ucrania-y-rusia-culminan-su-tercera-ronda-de-contactos-con-pequenos-avances-sobre-los-corredores-humanitarios","status":"publish","type":"post","link":"https:\/\/sertv.gob.pa\/nacionalfm\/ucrania-y-rusia-culminan-su-tercera-ronda-de-contactos-con-pequenos-avances-sobre-los-corredores-humanitarios\/","title":{"rendered":"Ucrania y Rusia culminan su tercera ronda de contactos con \u00abpeque\u00f1os avances\u00bb sobre los corredores humanitarios"},"content":{"rendered":"<p><strong><em>MADRID, (EUROPA PRESS) <\/em><\/strong><\/p>\n<p><strong>\u00a0<\/strong><\/p>\n<p>Las delegaciones ucraniana y rusa han culminado este lunes la que es ya la tercera ronda de contactos para intentar alcanzar un acuerdo que rebaje el conflicto, y en la que se han logrado \u00abpeque\u00f1os avances\u00bb log\u00edsticos sobre los corredores humanitarios.<\/p>\n<p>\u00abLa tercera ronda de conversaciones ha terminado. Hay peque\u00f1os avances positivos en la mejora de la log\u00edstica de los corredores humanitarios\u00bb, ha se\u00f1alado en su perfil de Twitter el jefe de la Oficia de Presidencia de Ucrania, Mijailo Podoliak.<\/p>\n<p>Asimismo, Podoliak ha indicado que en la reuni\u00f3n con la delegaci\u00f3n rusa tambi\u00e9n se han tratado aspectos relacionados con el \u00abalto el fuego\u00bb y las \u00abgarant\u00edas de seguridad\u00bb.<\/p>\n<p>El encuentro, que ha tenido lugar en Bielorrusia, se ha celebrado a puerta cerrada y ha durado m\u00e1s de tres horas, debido a lo que, seg\u00fan apunta Interfax, incluso se ha acordado una pausa.<\/p>\n<p>De la segunda ronda surgi\u00f3 el supuesto compromiso com\u00fan de abrir corredores humanitarios para permitir la evacuaci\u00f3n de civiles y la llegada de ayuda a zonas en riesgo, pero en los \u00faltimos d\u00edas han fracasado varios iniciativas de este tipo y las dos partes se han acusado mutuamente de incumplir lo pactado.<\/p>\n<p>&nbsp;<\/p>\n<p>Fuente: EUROPA PRESS<\/p>\n","protected":false},"excerpt":{"rendered":"<p>MADRID, (EUROPA PRESS) \u00a0 Las delegaciones ucraniana y rusa han <a href=\"https:\/\/sertv.gob.pa\/nacionalfm\/ucrania-y-rusia-culminan-su-tercera-ronda-de-contactos-con-pequenos-avances-sobre-los-corredores-humanitarios\/\"> [&#8230;]<\/a><\/p>\n","protected":false},"author":9,"featured_media":79582,"comment_status":"closed","ping_status":"closed","sticky":false,"template":"","format":"standard","meta":{"footnotes":""},"categories":[3],"tags":[],"class_list":["post-79581","post","type-post","status-publish","format-standard","has-post-thumbnail","hentry","category-internacionales"],"_links":{"self":[{"href":"https:\/\/sertv.gob.pa\/nacionalfm\/wp-json\/wp\/v2\/posts\/79581","targetHints":{"allow":["GET"]}}],"collection":[{"href":"https:\/\/sertv.gob.pa\/nacionalfm\/wp-json\/wp\/v2\/posts"}],"about":[{"href":"https:\/\/sertv.gob.pa\/nacionalfm\/wp-json\/wp\/v2\/types\/post"}],"author":[{"embeddable":true,"href":"https:\/\/sertv.gob.pa\/nacionalfm\/wp-json\/wp\/v2\/users\/9"}],"replies":[{"embeddable":true,"href":"https:\/\/sertv.gob.pa\/nacionalfm\/wp-json\/wp\/v2\/comments?post=79581"}],"version-history":[{"count":1,"href":"https:\/\/sertv.gob.pa\/nacionalfm\/wp-json\/wp\/v2\/posts\/79581\/revisions"}],"predecessor-version":[{"id":79583,"href":"https:\/\/sertv.gob.pa\/nacionalfm\/wp-json\/wp\/v2\/posts\/79581\/revisions\/79583"}],"wp:featuredmedia":[{"embeddable":true,"href":"https:\/\/sertv.gob.pa\/nacionalfm\/wp-json\/wp\/v2\/media\/79582"}],"wp:attachment":[{"href":"https:\/\/sertv.gob.pa\/nacionalfm\/wp-json\/wp\/v2\/media?parent=79581"}],"wp:term":[{"taxonomy":"category","embeddable":true,"href":"https:\/\/sertv.gob.pa\/nacionalfm\/wp-json\/wp\/v2\/categories?post=79581"},{"taxonomy":"post_tag","embeddable":true,"href":"https:\/\/sertv.gob.pa\/nacionalfm\/wp-json\/wp\/v2\/tags?post=79581"}],"curies":[{"name":"wp","href":"https:\/\/api.w.org\/{rel}","templated":true}]}}