{"id":79617,"date":"2022-03-08T18:04:01","date_gmt":"2022-03-08T18:04:01","guid":{"rendered":"https:\/\/sertv.gob.pa\/nacionalfm\/?p=79617"},"modified":"2022-03-08T18:04:01","modified_gmt":"2022-03-08T18:04:01","slug":"biden-veta-la-importacion-de-petroleo-y-gas-de-rusia-como-represalia-por-la-invasion-de-ucrania","status":"publish","type":"post","link":"https:\/\/sertv.gob.pa\/nacionalfm\/biden-veta-la-importacion-de-petroleo-y-gas-de-rusia-como-represalia-por-la-invasion-de-ucrania\/","title":{"rendered":"Biden veta la importaci\u00f3n de petr\u00f3leo y gas de Rusia como represalia por la invasi\u00f3n de Ucrania"},"content":{"rendered":"<p><strong><em>MADRID, (EUROPA PRESS) \u2013<\/em><\/strong><\/p>\n<p><strong><em>\u00a0<\/em><\/strong><\/p>\n<p>El presidente de Estados Unidos, Joe Biden, ha anunciado este martes una prohibici\u00f3n para la importaci\u00f3n de petr\u00f3leo, el gas y el carb\u00f3n procedente de Rusia, asumiendo que puede haber otros aliados que, como los europeos, no pueden tomar a\u00fan una medida de este calibre.<\/p>\n<p>\u00abNo subvencionaremos la guerra de (Vladimir) Putin, ha anunciado Biden, en una comparecencia en la que ha abogado por seguir aumentando la presi\u00f3n sobre Rusia tras \u00abel paquete de sanciones econ\u00f3micas m\u00e1s significativo de la historia\u00bb.<\/p>\n<p>Biden, que ha repasado algunas de las medidas adoptadas contra Rusia tras el inicio de la invasi\u00f3n de Ucrania, ha anunciado que Estados Unidos aumentar\u00e1 la producci\u00f3n de petr\u00f3leo para contrarrestar el progresivo aislamiento energ\u00e9tico.<\/p>\n<p>Asimismo, se ha comprometido a trabajar \u00abestrechamente\u00bb con los socios europeos para elaborar una estrategia a largo plazo que permita reducir progresivamente la dependencia de la energ\u00eda procedente de Rusia.<\/p>\n<p>Estados Unidos es menos dependiente que Europa de la energ\u00eda de Rusia, ya que el petr\u00f3leo procedente de este pa\u00eds apenas representa el 3 por ciento de todos los env\u00edos, seg\u00fan datos oficiales.<\/p>\n<p>&nbsp;<\/p>\n<p>Fuente: EUROPA PRESS<\/p>\n","protected":false},"excerpt":{"rendered":"<p>MADRID, (EUROPA PRESS) \u2013 \u00a0 El presidente de Estados Unidos, <a href=\"https:\/\/sertv.gob.pa\/nacionalfm\/biden-veta-la-importacion-de-petroleo-y-gas-de-rusia-como-represalia-por-la-invasion-de-ucrania\/\"> [&#8230;]<\/a><\/p>\n","protected":false},"author":9,"featured_media":79618,"comment_status":"closed","ping_status":"closed","sticky":false,"template":"","format":"standard","meta":{"footnotes":""},"categories":[3],"tags":[],"class_list":["post-79617","post","type-post","status-publish","format-standard","has-post-thumbnail","hentry","category-internacionales"],"_links":{"self":[{"href":"https:\/\/sertv.gob.pa\/nacionalfm\/wp-json\/wp\/v2\/posts\/79617","targetHints":{"allow":["GET"]}}],"collection":[{"href":"https:\/\/sertv.gob.pa\/nacionalfm\/wp-json\/wp\/v2\/posts"}],"about":[{"href":"https:\/\/sertv.gob.pa\/nacionalfm\/wp-json\/wp\/v2\/types\/post"}],"author":[{"embeddable":true,"href":"https:\/\/sertv.gob.pa\/nacionalfm\/wp-json\/wp\/v2\/users\/9"}],"replies":[{"embeddable":true,"href":"https:\/\/sertv.gob.pa\/nacionalfm\/wp-json\/wp\/v2\/comments?post=79617"}],"version-history":[{"count":1,"href":"https:\/\/sertv.gob.pa\/nacionalfm\/wp-json\/wp\/v2\/posts\/79617\/revisions"}],"predecessor-version":[{"id":79619,"href":"https:\/\/sertv.gob.pa\/nacionalfm\/wp-json\/wp\/v2\/posts\/79617\/revisions\/79619"}],"wp:featuredmedia":[{"embeddable":true,"href":"https:\/\/sertv.gob.pa\/nacionalfm\/wp-json\/wp\/v2\/media\/79618"}],"wp:attachment":[{"href":"https:\/\/sertv.gob.pa\/nacionalfm\/wp-json\/wp\/v2\/media?parent=79617"}],"wp:term":[{"taxonomy":"category","embeddable":true,"href":"https:\/\/sertv.gob.pa\/nacionalfm\/wp-json\/wp\/v2\/categories?post=79617"},{"taxonomy":"post_tag","embeddable":true,"href":"https:\/\/sertv.gob.pa\/nacionalfm\/wp-json\/wp\/v2\/tags?post=79617"}],"curies":[{"name":"wp","href":"https:\/\/api.w.org\/{rel}","templated":true}]}}