{"id":79620,"date":"2022-03-08T18:32:04","date_gmt":"2022-03-08T18:32:04","guid":{"rendered":"https:\/\/sertv.gob.pa\/nacionalfm\/?p=79620"},"modified":"2022-03-08T18:32:04","modified_gmt":"2022-03-08T18:32:04","slug":"la-otan-convoca-el-dia-16-a-los-ministros-de-defensa-para-tratar-la-evolucion-de-la-guerra-en-ucrania","status":"publish","type":"post","link":"https:\/\/sertv.gob.pa\/nacionalfm\/la-otan-convoca-el-dia-16-a-los-ministros-de-defensa-para-tratar-la-evolucion-de-la-guerra-en-ucrania\/","title":{"rendered":"La OTAN convoca el d\u00eda 16 a los ministros de Defensa para tratar la evoluci\u00f3n de la guerra en Ucrania"},"content":{"rendered":"<p><strong><em>BRUSELAS, (EUROPA PRESS) \u2013<\/em><\/strong><\/p>\n<p><strong><em>\u00a0<\/em><\/strong><\/p>\n<p>Los ministros de Defensa de la OTAN discutir\u00e1n por videoconferencia el pr\u00f3ximo mi\u00e9rcoles 16 de marzo la situaci\u00f3n en Ucrania, cuando la invasi\u00f3n rusa cumpla tres semanas y en medio de los debates sobre el tipo de apoyo que debe prestar la Alianza Atl\u00e1ntica a Kiev.<\/p>\n<p>En una reuni\u00f3n extraordinaria del Consejo Atl\u00e1ntico a nivel de titulares de Defensa, los aliados discutir\u00e1n la evoluci\u00f3n de los acontecimientos en Ucrania, pa\u00eds al que la OTAN ha asistido con armamento letal, pero evitando medidas como la aplicaci\u00f3n de una zona de exclusi\u00f3n o el env\u00edo de aeronaves, por el riesgo de que desencadene una guerra total en Europa.<\/p>\n<p>Despu\u00e9s de la reuni\u00f3n presencial de ministros de Exteriores aliados del pasado 4 de marzo, ahora ser\u00e1n los ministros de Defensa los que pasen revista a los planes militares de la OTAN que ya ha desplegado las primeras 500 tropas en el marco de las Fuerzas de Respuesta R\u00e1pida, con el que la Alianza Atl\u00e1ntica est\u00e1 reforzando su presencia en el flanco oriental en respuesta a la ofensiva rusa.<\/p>\n<p>Por el momento, el secretario general de la OTAN, Jens Stoltenberg, ha defendido la respuesta aliada con la movilizaci\u00f3n de efectivos, buques y aeronaves en el flanco este pero ha insistido en que la organizaci\u00f3n militar no es parte del conflicto en Ucrania y que el objetivo debe ser garantizar que no se traslada a otras partes de Europa.<\/p>\n<p>El pol\u00edtico noruego entiende que el objetivo debe ser \u00abacabar con el conflicto y no expandirlo\u00bb, despu\u00e9s de que colee el debate sobre si algunos miembros de la OTAN, como Polonia, podr\u00edan enviar cazas de combate para reforzar las fuerzas a\u00e9reas ucranianas. A este efecto, Estados Unidos ha asegurado que trabajar\u00eda para proveer de aeronaves nuevas a Varsovia, si este pa\u00eds donaba parte de los suyas a Kiev.<\/p>\n<p>&nbsp;<\/p>\n<p>Fuente: EUROPA PRESS<\/p>\n","protected":false},"excerpt":{"rendered":"<p>BRUSELAS, (EUROPA PRESS) \u2013 \u00a0 Los ministros de Defensa de <a href=\"https:\/\/sertv.gob.pa\/nacionalfm\/la-otan-convoca-el-dia-16-a-los-ministros-de-defensa-para-tratar-la-evolucion-de-la-guerra-en-ucrania\/\"> [&#8230;]<\/a><\/p>\n","protected":false},"author":9,"featured_media":79621,"comment_status":"closed","ping_status":"closed","sticky":false,"template":"","format":"standard","meta":{"footnotes":""},"categories":[3],"tags":[],"class_list":["post-79620","post","type-post","status-publish","format-standard","has-post-thumbnail","hentry","category-internacionales"],"_links":{"self":[{"href":"https:\/\/sertv.gob.pa\/nacionalfm\/wp-json\/wp\/v2\/posts\/79620","targetHints":{"allow":["GET"]}}],"collection":[{"href":"https:\/\/sertv.gob.pa\/nacionalfm\/wp-json\/wp\/v2\/posts"}],"about":[{"href":"https:\/\/sertv.gob.pa\/nacionalfm\/wp-json\/wp\/v2\/types\/post"}],"author":[{"embeddable":true,"href":"https:\/\/sertv.gob.pa\/nacionalfm\/wp-json\/wp\/v2\/users\/9"}],"replies":[{"embeddable":true,"href":"https:\/\/sertv.gob.pa\/nacionalfm\/wp-json\/wp\/v2\/comments?post=79620"}],"version-history":[{"count":1,"href":"https:\/\/sertv.gob.pa\/nacionalfm\/wp-json\/wp\/v2\/posts\/79620\/revisions"}],"predecessor-version":[{"id":79622,"href":"https:\/\/sertv.gob.pa\/nacionalfm\/wp-json\/wp\/v2\/posts\/79620\/revisions\/79622"}],"wp:featuredmedia":[{"embeddable":true,"href":"https:\/\/sertv.gob.pa\/nacionalfm\/wp-json\/wp\/v2\/media\/79621"}],"wp:attachment":[{"href":"https:\/\/sertv.gob.pa\/nacionalfm\/wp-json\/wp\/v2\/media?parent=79620"}],"wp:term":[{"taxonomy":"category","embeddable":true,"href":"https:\/\/sertv.gob.pa\/nacionalfm\/wp-json\/wp\/v2\/categories?post=79620"},{"taxonomy":"post_tag","embeddable":true,"href":"https:\/\/sertv.gob.pa\/nacionalfm\/wp-json\/wp\/v2\/tags?post=79620"}],"curies":[{"name":"wp","href":"https:\/\/api.w.org\/{rel}","templated":true}]}}