{"id":79623,"date":"2022-03-08T18:56:22","date_gmt":"2022-03-08T18:56:22","guid":{"rendered":"https:\/\/sertv.gob.pa\/nacionalfm\/?p=79623"},"modified":"2022-03-08T18:56:22","modified_gmt":"2022-03-08T18:56:22","slug":"ucrania-confirma-la-llegada-de-unos-3-000-camiones-con-ayuda-humanitaria-la-pasada-semana","status":"publish","type":"post","link":"https:\/\/sertv.gob.pa\/nacionalfm\/ucrania-confirma-la-llegada-de-unos-3-000-camiones-con-ayuda-humanitaria-la-pasada-semana\/","title":{"rendered":"Ucrania confirma la llegada de unos 3.000 camiones con ayuda humanitaria la pasada semana"},"content":{"rendered":"<p><strong><em>BERL\u00cdN, (DPA\/EP) \u2013<\/em><\/strong><\/p>\n<p><strong><em>\u00a0<\/em><\/strong><\/p>\n<p>Las autoridades ucranianas han confirmado que, la semana pasada, llegaron al pa\u00eds unos 3.000 camiones con suministros de ayuda humanitaria en el marco de la ofensiva rusa contra Ucrania.<\/p>\n<p>El primer ministro de Ucrania, Denys Shmyhal, ha apuntado en un comunicado que en los \u00faltimos d\u00edas han ingresado al pa\u00eds camiones con unas 20.000 toneladas de alimentos, ropa, medicinas y material sanitario<\/p>\n<p>Asimismo, se ha registrado una donaci\u00f3n de unos 10.000 millones de grivnas &#8211;cerca de 305 millones de euros&#8211; al Ej\u00e9rcito de Ucrania. \u00abAgradecemos a todos los que est\u00e1n ayudando a Ucrania\u00bb, ha se\u00f1alado Shmyhal.<\/p>\n<p>Por otro lado, el primer ministro tambi\u00e9n ha insistido a sus conciudadanos para que sigan convencidos de los esfuerzos que se deben de hacer en el contexto que vive el pa\u00eds.<\/p>\n<p>\u00abDadas las circunstancias, debemos adaptar nuestras vidas a las condiciones de una econom\u00eda de guerra. Todos los ucranianos de hoy deber\u00edan preguntarse c\u00f3mo ser eficientes para el Ej\u00e9rcito, el pa\u00eds y el Estado\u00bb, ha explicado Shmyhal.<\/p>\n<p>&nbsp;<\/p>\n<p>Fuente: DPA\/EP<\/p>\n","protected":false},"excerpt":{"rendered":"<p>BERL\u00cdN, (DPA\/EP) \u2013 \u00a0 Las autoridades ucranianas han confirmado que, <a href=\"https:\/\/sertv.gob.pa\/nacionalfm\/ucrania-confirma-la-llegada-de-unos-3-000-camiones-con-ayuda-humanitaria-la-pasada-semana\/\"> [&#8230;]<\/a><\/p>\n","protected":false},"author":9,"featured_media":79624,"comment_status":"closed","ping_status":"closed","sticky":false,"template":"","format":"standard","meta":{"footnotes":""},"categories":[3],"tags":[],"class_list":["post-79623","post","type-post","status-publish","format-standard","has-post-thumbnail","hentry","category-internacionales"],"_links":{"self":[{"href":"https:\/\/sertv.gob.pa\/nacionalfm\/wp-json\/wp\/v2\/posts\/79623","targetHints":{"allow":["GET"]}}],"collection":[{"href":"https:\/\/sertv.gob.pa\/nacionalfm\/wp-json\/wp\/v2\/posts"}],"about":[{"href":"https:\/\/sertv.gob.pa\/nacionalfm\/wp-json\/wp\/v2\/types\/post"}],"author":[{"embeddable":true,"href":"https:\/\/sertv.gob.pa\/nacionalfm\/wp-json\/wp\/v2\/users\/9"}],"replies":[{"embeddable":true,"href":"https:\/\/sertv.gob.pa\/nacionalfm\/wp-json\/wp\/v2\/comments?post=79623"}],"version-history":[{"count":1,"href":"https:\/\/sertv.gob.pa\/nacionalfm\/wp-json\/wp\/v2\/posts\/79623\/revisions"}],"predecessor-version":[{"id":79625,"href":"https:\/\/sertv.gob.pa\/nacionalfm\/wp-json\/wp\/v2\/posts\/79623\/revisions\/79625"}],"wp:featuredmedia":[{"embeddable":true,"href":"https:\/\/sertv.gob.pa\/nacionalfm\/wp-json\/wp\/v2\/media\/79624"}],"wp:attachment":[{"href":"https:\/\/sertv.gob.pa\/nacionalfm\/wp-json\/wp\/v2\/media?parent=79623"}],"wp:term":[{"taxonomy":"category","embeddable":true,"href":"https:\/\/sertv.gob.pa\/nacionalfm\/wp-json\/wp\/v2\/categories?post=79623"},{"taxonomy":"post_tag","embeddable":true,"href":"https:\/\/sertv.gob.pa\/nacionalfm\/wp-json\/wp\/v2\/tags?post=79623"}],"curies":[{"name":"wp","href":"https:\/\/api.w.org\/{rel}","templated":true}]}}