{"id":79673,"date":"2022-03-09T19:15:06","date_gmt":"2022-03-09T19:15:06","guid":{"rendered":"https:\/\/sertv.gob.pa\/nacionalfm\/?p=79673"},"modified":"2022-03-09T19:15:06","modified_gmt":"2022-03-09T19:15:06","slug":"rusia-admite-por-primera-vez-el-despliegue-en-ucrania-de-militares-no-profesionales","status":"publish","type":"post","link":"https:\/\/sertv.gob.pa\/nacionalfm\/rusia-admite-por-primera-vez-el-despliegue-en-ucrania-de-militares-no-profesionales\/","title":{"rendered":"Rusia admite por primera vez el despliegue en Ucrania de militares no profesionales"},"content":{"rendered":"<p><strong><em>MADRID, (EUROPA PRESS) \u2013<\/em><\/strong><\/p>\n<p><strong><em>\u00a0<\/em><\/strong><\/p>\n<p>El Kremlin ha admitido este mi\u00e9rcoles por primera vez que algunos de los efectivos desplegados en Ucrania en el marco de la invasi\u00f3n rusa del territorio no son militares profesionales, algo que las autoridades rusas han dicho estar investigando.<\/p>\n<p>El portavoz del Kremlin, Dimitri Peskov, ha se\u00f1alado que el presidente, Vladimir Putin, ha ordenado a la Fiscal\u00eda investigar los casos de este tipo de despliegue y alistamiento para \u00abcastigar a los responsables\u00bb dado que el Kremlin hab\u00eda pedido espec\u00edficamente que no se desplegaran en Ucrania reclutas o reservistas.<\/p>\n<p>El propio Putin hab\u00eda negado con anterioridad que hubiese personas luchando contra las fuerzas ucranianas que hubiesen sido reclutadas de esta manera. \u00abCasi todos estos militares han sido retirados y se encuentran en Rusia\u00bb, ha defendido por su parte el Ministerio de Defensa.<\/p>\n<p>Sin embargo, algunos de ellos han sido capturados por las fuerzas ucranianas y se encuentran bajo custodia en el territorio del pa\u00eds vecino. Ahora la cuesti\u00f3n se encuentra en manos de los fiscales, seg\u00fan ha confirmado la agencia de noticias Interfax.<\/p>\n<p>&nbsp;<\/p>\n<p>Fuente: EUROPA PRESS<\/p>\n","protected":false},"excerpt":{"rendered":"<p>MADRID, (EUROPA PRESS) \u2013 \u00a0 El Kremlin ha admitido este <a href=\"https:\/\/sertv.gob.pa\/nacionalfm\/rusia-admite-por-primera-vez-el-despliegue-en-ucrania-de-militares-no-profesionales\/\"> [&#8230;]<\/a><\/p>\n","protected":false},"author":9,"featured_media":79674,"comment_status":"closed","ping_status":"closed","sticky":false,"template":"","format":"standard","meta":{"footnotes":""},"categories":[3],"tags":[],"class_list":["post-79673","post","type-post","status-publish","format-standard","has-post-thumbnail","hentry","category-internacionales"],"_links":{"self":[{"href":"https:\/\/sertv.gob.pa\/nacionalfm\/wp-json\/wp\/v2\/posts\/79673","targetHints":{"allow":["GET"]}}],"collection":[{"href":"https:\/\/sertv.gob.pa\/nacionalfm\/wp-json\/wp\/v2\/posts"}],"about":[{"href":"https:\/\/sertv.gob.pa\/nacionalfm\/wp-json\/wp\/v2\/types\/post"}],"author":[{"embeddable":true,"href":"https:\/\/sertv.gob.pa\/nacionalfm\/wp-json\/wp\/v2\/users\/9"}],"replies":[{"embeddable":true,"href":"https:\/\/sertv.gob.pa\/nacionalfm\/wp-json\/wp\/v2\/comments?post=79673"}],"version-history":[{"count":1,"href":"https:\/\/sertv.gob.pa\/nacionalfm\/wp-json\/wp\/v2\/posts\/79673\/revisions"}],"predecessor-version":[{"id":79675,"href":"https:\/\/sertv.gob.pa\/nacionalfm\/wp-json\/wp\/v2\/posts\/79673\/revisions\/79675"}],"wp:featuredmedia":[{"embeddable":true,"href":"https:\/\/sertv.gob.pa\/nacionalfm\/wp-json\/wp\/v2\/media\/79674"}],"wp:attachment":[{"href":"https:\/\/sertv.gob.pa\/nacionalfm\/wp-json\/wp\/v2\/media?parent=79673"}],"wp:term":[{"taxonomy":"category","embeddable":true,"href":"https:\/\/sertv.gob.pa\/nacionalfm\/wp-json\/wp\/v2\/categories?post=79673"},{"taxonomy":"post_tag","embeddable":true,"href":"https:\/\/sertv.gob.pa\/nacionalfm\/wp-json\/wp\/v2\/tags?post=79673"}],"curies":[{"name":"wp","href":"https:\/\/api.w.org\/{rel}","templated":true}]}}