{"id":79719,"date":"2022-03-10T18:58:23","date_gmt":"2022-03-10T18:58:23","guid":{"rendered":"https:\/\/sertv.gob.pa\/nacionalfm\/?p=79719"},"modified":"2022-03-10T18:58:23","modified_gmt":"2022-03-10T18:58:23","slug":"lopez-obrador-incide-en-que-hay-una-campana-en-su-contra-que-instrumentaliza-los-asesinatos-de-periodistas","status":"publish","type":"post","link":"https:\/\/sertv.gob.pa\/nacionalfm\/lopez-obrador-incide-en-que-hay-una-campana-en-su-contra-que-instrumentaliza-los-asesinatos-de-periodistas\/","title":{"rendered":"L\u00f3pez Obrador incide en que hay una \u00abcampa\u00f1a\u00bb en su contra que instrumentaliza los asesinatos de periodistas"},"content":{"rendered":"<p><strong><em>MADRID, (EUROPA PRESS) \u2013<\/em><\/strong><\/p>\n<p><strong><em>\u00a0<\/em><\/strong><\/p>\n<p>El presidente de M\u00e9xico, Andr\u00e9s Manuel L\u00f3pez Obrador, ha reiterado su convencimiento sobre la existencia de una \u00abcampa\u00f1a\u00bb para instrumentalizar los asesinatos de periodistas para atacar a su Gobierno.<\/p>\n<p>\u00abExiste una campa\u00f1a aprovechando esta situaci\u00f3n lamentable en contra del Gobierno que represento y est\u00e1 buscando la forma de debilitarnos\u00bb, ha aseverado el mandatario durante su rueda de prensa diaria, seg\u00fan recoge el diario &#8216;El Universal&#8217;.<\/p>\n<p>Asimismo, ha remarcado que el Ejecutivo cuenta con un plan de \u00abprotecci\u00f3n especial a periodistas\u00bb y ha lamentado el asesinato de profesionales \u00abhumildes\u00bb que son asesinados por hacer \u00absu trabajo\u00bb. Un total de siete comunicadores han sido asesinados en M\u00e9xico en lo que va de a\u00f1o.<\/p>\n<p>As\u00ed pues, L\u00f3pez Obrador se ha dirigido a los periodistas del pa\u00eds para transmitirles que \u00abno est\u00e1n solos\u00bb y se ha solidarizado con ellos pues ha incidido en que su Gobierno se ha \u00abenfrentado a poderosos y a las mafias\u00bb, por lo que es conocedor de \u00ablos riesgos que corren\u00bb aquellos informadores que investigan sobre estos asuntos.<\/p>\n<p>Un total de 134 periodistas fueron asesinados en M\u00e9xico desde 1992 y hasta el a\u00f1o 2021, seg\u00fan datos del Comit\u00e9 para la Protecci\u00f3n de los Periodistas (CPJ, por sus siglas en ingl\u00e9s), lo que lo convierte en uno de los pa\u00edses m\u00e1s peligrosos para ejercer la profesi\u00f3n al ser el m\u00e1s mort\u00edfero del mundo para estos profesionales.<\/p>\n<p>Hasta la fecha, ya son siete los profesionales de la prensa asesinados y, aunque el CPJ a d\u00eda de hoy a\u00fan solo reconoce cuatro de ellos, en apenas un mes y medio, el presente a\u00f1o 2022 ya es uno de los m\u00e1s mort\u00edferos, aunque a\u00fan lejos de las cifras de a\u00f1os como 2019 o 2010, cuando se notificaron once y diez decesos, respectivamente.<\/p>\n<p>&nbsp;<\/p>\n<p>Fuente: EUROPA PRESS<\/p>\n","protected":false},"excerpt":{"rendered":"<p>MADRID, (EUROPA PRESS) \u2013 \u00a0 El presidente de M\u00e9xico, Andr\u00e9s <a href=\"https:\/\/sertv.gob.pa\/nacionalfm\/lopez-obrador-incide-en-que-hay-una-campana-en-su-contra-que-instrumentaliza-los-asesinatos-de-periodistas\/\"> [&#8230;]<\/a><\/p>\n","protected":false},"author":9,"featured_media":79720,"comment_status":"closed","ping_status":"closed","sticky":false,"template":"","format":"standard","meta":{"footnotes":""},"categories":[3],"tags":[],"class_list":["post-79719","post","type-post","status-publish","format-standard","has-post-thumbnail","hentry","category-internacionales"],"_links":{"self":[{"href":"https:\/\/sertv.gob.pa\/nacionalfm\/wp-json\/wp\/v2\/posts\/79719","targetHints":{"allow":["GET"]}}],"collection":[{"href":"https:\/\/sertv.gob.pa\/nacionalfm\/wp-json\/wp\/v2\/posts"}],"about":[{"href":"https:\/\/sertv.gob.pa\/nacionalfm\/wp-json\/wp\/v2\/types\/post"}],"author":[{"embeddable":true,"href":"https:\/\/sertv.gob.pa\/nacionalfm\/wp-json\/wp\/v2\/users\/9"}],"replies":[{"embeddable":true,"href":"https:\/\/sertv.gob.pa\/nacionalfm\/wp-json\/wp\/v2\/comments?post=79719"}],"version-history":[{"count":1,"href":"https:\/\/sertv.gob.pa\/nacionalfm\/wp-json\/wp\/v2\/posts\/79719\/revisions"}],"predecessor-version":[{"id":79721,"href":"https:\/\/sertv.gob.pa\/nacionalfm\/wp-json\/wp\/v2\/posts\/79719\/revisions\/79721"}],"wp:featuredmedia":[{"embeddable":true,"href":"https:\/\/sertv.gob.pa\/nacionalfm\/wp-json\/wp\/v2\/media\/79720"}],"wp:attachment":[{"href":"https:\/\/sertv.gob.pa\/nacionalfm\/wp-json\/wp\/v2\/media?parent=79719"}],"wp:term":[{"taxonomy":"category","embeddable":true,"href":"https:\/\/sertv.gob.pa\/nacionalfm\/wp-json\/wp\/v2\/categories?post=79719"},{"taxonomy":"post_tag","embeddable":true,"href":"https:\/\/sertv.gob.pa\/nacionalfm\/wp-json\/wp\/v2\/tags?post=79719"}],"curies":[{"name":"wp","href":"https:\/\/api.w.org\/{rel}","templated":true}]}}