{"id":79722,"date":"2022-03-10T19:16:50","date_gmt":"2022-03-10T19:16:50","guid":{"rendered":"https:\/\/sertv.gob.pa\/nacionalfm\/?p=79722"},"modified":"2022-03-10T19:16:50","modified_gmt":"2022-03-10T19:16:50","slug":"estado-islamico-confirma-la-muerte-de-su-lider-al-quraishi","status":"publish","type":"post","link":"https:\/\/sertv.gob.pa\/nacionalfm\/estado-islamico-confirma-la-muerte-de-su-lider-al-quraishi\/","title":{"rendered":"Estado Isl\u00e1mico confirma la muerte de su l\u00edder, Al Quraishi"},"content":{"rendered":"<p><strong><em>MADRID, (EUROPA PRESS) \u2013<\/em><\/strong><\/p>\n<p><strong><em>\u00a0<\/em><\/strong><\/p>\n<p>Estado Isl\u00e1mico ha confirmado este jueves la muerte de su l\u00edder, Ab\u00fa Ibrahim al Hashimi al Quraishi, m\u00e1s de un mes despu\u00e9s de que el presidente de Estados Unidos, Joe Biden, lo anunciara tras una operaci\u00f3n llevada a cabo por las fuerzas especiales estadounidenses en la provincia de Idlib, en el noroeste de Siria.<\/p>\n<p>Al mismo tiempo que Estado Isl\u00e1mico ha confirmado la muerte Al Quraishi ha anunciado que Abu al Has\u00e1n ser\u00e1 el nuevo l\u00edder del grupo, seg\u00fan la directora de SITE Intelligence Group &#8211;un organismo especializado en hacer seguimiento de los grupos terroristas&#8211;, Rita Katz.<\/p>\n<p>En aquel operativo de las fuerzas especiales estadounidenses lanzado a principios de febrero, otras doce personas murieron, entre ellas cuatro ni\u00f1os, seg\u00fan el Observatorio Sirio de Derechos Humanos.<\/p>\n<p>Al Quraishi asumi\u00f3 el cargo al frente de Estado Isl\u00e1mico tras la muerte del anterior jefe del grupo yihadista, Ab\u00fa Bakr al Baghdadi, en una operaci\u00f3n similar llevada a cabo en octubre de 2019 por las fuerzas especiales en la provincia de Idlib, cerca de la frontera con Turqu\u00eda.<\/p>\n<p>&nbsp;<\/p>\n<p>Fuente: EUROPA PRESS<\/p>\n<p>&nbsp;<\/p>\n","protected":false},"excerpt":{"rendered":"<p>MADRID, (EUROPA PRESS) \u2013 \u00a0 Estado Isl\u00e1mico ha confirmado este <a href=\"https:\/\/sertv.gob.pa\/nacionalfm\/estado-islamico-confirma-la-muerte-de-su-lider-al-quraishi\/\"> [&#8230;]<\/a><\/p>\n","protected":false},"author":9,"featured_media":79723,"comment_status":"closed","ping_status":"closed","sticky":false,"template":"","format":"standard","meta":{"footnotes":""},"categories":[3],"tags":[],"class_list":["post-79722","post","type-post","status-publish","format-standard","has-post-thumbnail","hentry","category-internacionales"],"_links":{"self":[{"href":"https:\/\/sertv.gob.pa\/nacionalfm\/wp-json\/wp\/v2\/posts\/79722","targetHints":{"allow":["GET"]}}],"collection":[{"href":"https:\/\/sertv.gob.pa\/nacionalfm\/wp-json\/wp\/v2\/posts"}],"about":[{"href":"https:\/\/sertv.gob.pa\/nacionalfm\/wp-json\/wp\/v2\/types\/post"}],"author":[{"embeddable":true,"href":"https:\/\/sertv.gob.pa\/nacionalfm\/wp-json\/wp\/v2\/users\/9"}],"replies":[{"embeddable":true,"href":"https:\/\/sertv.gob.pa\/nacionalfm\/wp-json\/wp\/v2\/comments?post=79722"}],"version-history":[{"count":1,"href":"https:\/\/sertv.gob.pa\/nacionalfm\/wp-json\/wp\/v2\/posts\/79722\/revisions"}],"predecessor-version":[{"id":79724,"href":"https:\/\/sertv.gob.pa\/nacionalfm\/wp-json\/wp\/v2\/posts\/79722\/revisions\/79724"}],"wp:featuredmedia":[{"embeddable":true,"href":"https:\/\/sertv.gob.pa\/nacionalfm\/wp-json\/wp\/v2\/media\/79723"}],"wp:attachment":[{"href":"https:\/\/sertv.gob.pa\/nacionalfm\/wp-json\/wp\/v2\/media?parent=79722"}],"wp:term":[{"taxonomy":"category","embeddable":true,"href":"https:\/\/sertv.gob.pa\/nacionalfm\/wp-json\/wp\/v2\/categories?post=79722"},{"taxonomy":"post_tag","embeddable":true,"href":"https:\/\/sertv.gob.pa\/nacionalfm\/wp-json\/wp\/v2\/tags?post=79722"}],"curies":[{"name":"wp","href":"https:\/\/api.w.org\/{rel}","templated":true}]}}