{"id":79725,"date":"2022-03-10T20:01:16","date_gmt":"2022-03-10T20:01:16","guid":{"rendered":"https:\/\/sertv.gob.pa\/nacionalfm\/?p=79725"},"modified":"2022-03-10T20:01:16","modified_gmt":"2022-03-10T20:01:16","slug":"ucrania-pide-ayuda-para-la-ciudad-de-mariupol-hay-un-desastre-humanitario","status":"publish","type":"post","link":"https:\/\/sertv.gob.pa\/nacionalfm\/ucrania-pide-ayuda-para-la-ciudad-de-mariupol-hay-un-desastre-humanitario\/","title":{"rendered":"Ucrania pide ayuda para la ciudad de Mari\u00fapol: \u00abHay un desastre humanitario\u00bb"},"content":{"rendered":"<p><strong><em>BERL\u00cdN, (DPA\/EP) \u2013<\/em><\/strong><\/p>\n<p><strong><em>\u00a0<\/em><\/strong><\/p>\n<p>La vice primera ministra de Ucrania, Irina Vershchuk, ha solicitado este jueves la ayuda de la comunidad internacional para la ciudad de Mari\u00fapol, cercada desde hace d\u00edas por las fuerzas rusas, resaltando que \u00abhay un desastre humanitario\u00bb en la localidad.<\/p>\n<p>\u00abAyuda para Mari\u00fapol. Hay una desastre humanitario real all\u00ed\u00bb, ha indicado en un mensaje grabado en v\u00eddeo, despu\u00e9s de que el corredor humanitario pactado con Rusia no haya podido materializarse.<\/p>\n<p>As\u00ed, ha indicado que, una vez m\u00e1s, no ha podido llegar asistencia a la ciudad. \u00abNi agua, ni medicinas, ni alimentos han llegado a las personas que est\u00e1n bajo los bombardeos desde hace d\u00edas\u00bb, ha lamentado, antes de destacar que los corredores humanitarios s\u00ed han funcionado en otras ciudades, como Sumy.<\/p>\n<p>La ciudad ucraniana de Mari\u00fapol, el principal puerto ucraniano a orillas del mar de Azov, se ha convertido en los \u00faltimos d\u00edas en objetivo de un asedio que mantiene a la poblaci\u00f3n aislada y sin apenas suministros b\u00e1sicos. Los pocos testimonios que llegan de la zona dan cuenta de un desastre humanitario de primer orden.<\/p>\n<p>&nbsp;<\/p>\n<p>Fuente: DPA\/EP<\/p>\n","protected":false},"excerpt":{"rendered":"<p>BERL\u00cdN, (DPA\/EP) \u2013 \u00a0 La vice primera ministra de Ucrania, <a href=\"https:\/\/sertv.gob.pa\/nacionalfm\/ucrania-pide-ayuda-para-la-ciudad-de-mariupol-hay-un-desastre-humanitario\/\"> [&#8230;]<\/a><\/p>\n","protected":false},"author":9,"featured_media":79726,"comment_status":"closed","ping_status":"closed","sticky":false,"template":"","format":"standard","meta":{"footnotes":""},"categories":[3],"tags":[],"class_list":["post-79725","post","type-post","status-publish","format-standard","has-post-thumbnail","hentry","category-internacionales"],"_links":{"self":[{"href":"https:\/\/sertv.gob.pa\/nacionalfm\/wp-json\/wp\/v2\/posts\/79725","targetHints":{"allow":["GET"]}}],"collection":[{"href":"https:\/\/sertv.gob.pa\/nacionalfm\/wp-json\/wp\/v2\/posts"}],"about":[{"href":"https:\/\/sertv.gob.pa\/nacionalfm\/wp-json\/wp\/v2\/types\/post"}],"author":[{"embeddable":true,"href":"https:\/\/sertv.gob.pa\/nacionalfm\/wp-json\/wp\/v2\/users\/9"}],"replies":[{"embeddable":true,"href":"https:\/\/sertv.gob.pa\/nacionalfm\/wp-json\/wp\/v2\/comments?post=79725"}],"version-history":[{"count":1,"href":"https:\/\/sertv.gob.pa\/nacionalfm\/wp-json\/wp\/v2\/posts\/79725\/revisions"}],"predecessor-version":[{"id":79730,"href":"https:\/\/sertv.gob.pa\/nacionalfm\/wp-json\/wp\/v2\/posts\/79725\/revisions\/79730"}],"wp:featuredmedia":[{"embeddable":true,"href":"https:\/\/sertv.gob.pa\/nacionalfm\/wp-json\/wp\/v2\/media\/79726"}],"wp:attachment":[{"href":"https:\/\/sertv.gob.pa\/nacionalfm\/wp-json\/wp\/v2\/media?parent=79725"}],"wp:term":[{"taxonomy":"category","embeddable":true,"href":"https:\/\/sertv.gob.pa\/nacionalfm\/wp-json\/wp\/v2\/categories?post=79725"},{"taxonomy":"post_tag","embeddable":true,"href":"https:\/\/sertv.gob.pa\/nacionalfm\/wp-json\/wp\/v2\/tags?post=79725"}],"curies":[{"name":"wp","href":"https:\/\/api.w.org\/{rel}","templated":true}]}}