{"id":79755,"date":"2022-03-11T16:19:49","date_gmt":"2022-03-11T16:19:49","guid":{"rendered":"https:\/\/sertv.gob.pa\/nacionalfm\/?p=79755"},"modified":"2022-03-11T16:19:49","modified_gmt":"2022-03-11T16:19:49","slug":"trabajos-de-construccion-de-la-planta-potabilizadora-de-sabanitas-ii-continuan-con-mas-de-un-66-de-avance","status":"publish","type":"post","link":"https:\/\/sertv.gob.pa\/nacionalfm\/trabajos-de-construccion-de-la-planta-potabilizadora-de-sabanitas-ii-continuan-con-mas-de-un-66-de-avance\/","title":{"rendered":"Trabajos de construcci\u00f3n de la \u201cPlanta Potabilizadora de Sabanitas II\u201d, contin\u00faan con m\u00e1s de un 66% de avance"},"content":{"rendered":"<p>Una inspecci\u00f3n en la provincia de Col\u00f3n, al proyecto \u201cEstudio, Dise\u00f1o Construcci\u00f3n, Operaci\u00f3n y Mantenimiento de la Planta Potabilizadora de Sabanitas II\u201d, realiz\u00f3 en fecha reciente, personal de Gesti\u00f3n Social y el Departamento de Protecci\u00f3n y Control Ambiental de la Direcci\u00f3n de Ingenier\u00eda del Instituto de Acueductos y Alcantarillados Nacionales (IDAAN), con el objetivo de constatar detalles de la obra, que presenta en la actualidad, un avance del 66.14%<\/p>\n<p>Los trabajos de ampliaci\u00f3n realizados por el IDAAN, a trav\u00e9s del Consorcio Acciona Sabanitas II, con un monto de inversi\u00f3n aproximado de B\/.111,308,228.39, suministrar\u00e1 agua potable a m\u00e1s de 200 mil habitantes de la ciudad de Col\u00f3n, que incluye las localidades aleda\u00f1as de Sabanitas, Cativ\u00e1, Barrio Norte, Barrio Sur, Puerto Pil\u00f3n, Lim\u00f3n, Nueva Providencia, Crist\u00f3bal, San Juan, Santa Rosa, Buena Vista y Salamanca.<\/p>\n<p>El proyecto, que dotar\u00e1 unos 30 millones de galones diarios, comprende la construcci\u00f3n de una Toma de Agua Cruda en el Lago Gat\u00fan, al lado de la existente; tanques de almacenamiento para distribuci\u00f3n de 10, 2 y 5 Millones de Galones Diario en la planta de tratamiento de agua potable, Villa Catalina y Santa Rita, respectivamente. Adem\u00e1s cuenta con l\u00ednea de aducci\u00f3n y l\u00edneas de conducci\u00f3n. Tambi\u00e9n contempla un nuevo edificio para la regional del IDAAN de Col\u00f3n.<\/p>\n<p>Las obras en ejecuci\u00f3n, abarcan actualmente trabajos en la toma de Agua Cruda, en la zona de proceso de la planta potabilizadora, as\u00ed como en los dise\u00f1os de la l\u00ednea de conducci\u00f3n del eje 3A Santa Rita.<\/p>\n<p>Cabe destacar, que una vez finalizada y entregada la obra, se dar\u00e1 3 a\u00f1os de Operaci\u00f3n y Mantenimiento por parte del contratista.<\/p>\n<p>&nbsp;<\/p>\n<p>Fuente: IDAAN<\/p>\n","protected":false},"excerpt":{"rendered":"<p>Una inspecci\u00f3n en la provincia de Col\u00f3n, al proyecto \u201cEstudio, <a href=\"https:\/\/sertv.gob.pa\/nacionalfm\/trabajos-de-construccion-de-la-planta-potabilizadora-de-sabanitas-ii-continuan-con-mas-de-un-66-de-avance\/\"> [&#8230;]<\/a><\/p>\n","protected":false},"author":9,"featured_media":79756,"comment_status":"closed","ping_status":"closed","sticky":false,"template":"","format":"standard","meta":{"footnotes":""},"categories":[2],"tags":[],"class_list":["post-79755","post","type-post","status-publish","format-standard","has-post-thumbnail","hentry","category-nacionales"],"_links":{"self":[{"href":"https:\/\/sertv.gob.pa\/nacionalfm\/wp-json\/wp\/v2\/posts\/79755","targetHints":{"allow":["GET"]}}],"collection":[{"href":"https:\/\/sertv.gob.pa\/nacionalfm\/wp-json\/wp\/v2\/posts"}],"about":[{"href":"https:\/\/sertv.gob.pa\/nacionalfm\/wp-json\/wp\/v2\/types\/post"}],"author":[{"embeddable":true,"href":"https:\/\/sertv.gob.pa\/nacionalfm\/wp-json\/wp\/v2\/users\/9"}],"replies":[{"embeddable":true,"href":"https:\/\/sertv.gob.pa\/nacionalfm\/wp-json\/wp\/v2\/comments?post=79755"}],"version-history":[{"count":1,"href":"https:\/\/sertv.gob.pa\/nacionalfm\/wp-json\/wp\/v2\/posts\/79755\/revisions"}],"predecessor-version":[{"id":79760,"href":"https:\/\/sertv.gob.pa\/nacionalfm\/wp-json\/wp\/v2\/posts\/79755\/revisions\/79760"}],"wp:featuredmedia":[{"embeddable":true,"href":"https:\/\/sertv.gob.pa\/nacionalfm\/wp-json\/wp\/v2\/media\/79756"}],"wp:attachment":[{"href":"https:\/\/sertv.gob.pa\/nacionalfm\/wp-json\/wp\/v2\/media?parent=79755"}],"wp:term":[{"taxonomy":"category","embeddable":true,"href":"https:\/\/sertv.gob.pa\/nacionalfm\/wp-json\/wp\/v2\/categories?post=79755"},{"taxonomy":"post_tag","embeddable":true,"href":"https:\/\/sertv.gob.pa\/nacionalfm\/wp-json\/wp\/v2\/tags?post=79755"}],"curies":[{"name":"wp","href":"https:\/\/api.w.org\/{rel}","templated":true}]}}