{"id":79784,"date":"2022-03-11T20:06:41","date_gmt":"2022-03-11T20:06:41","guid":{"rendered":"https:\/\/sertv.gob.pa\/nacionalfm\/?p=79784"},"modified":"2022-03-11T20:06:41","modified_gmt":"2022-03-11T20:06:41","slug":"zelenski-cifra-en-cerca-de-80-los-ninos-ucranianos-muertos-desde-el-comienzo-de-la-ofensiva-rusa","status":"publish","type":"post","link":"https:\/\/sertv.gob.pa\/nacionalfm\/zelenski-cifra-en-cerca-de-80-los-ninos-ucranianos-muertos-desde-el-comienzo-de-la-ofensiva-rusa\/","title":{"rendered":"Zelenski cifra en cerca de 80 los ni\u00f1os ucranianos muertos desde el comienzo de la ofensiva rusa"},"content":{"rendered":"<p><strong><em>MADRID, (EUROPA PRESS) &#8211;<\/em><\/strong><\/p>\n<p>&nbsp;<\/p>\n<p>El presidente de Ucrania, Volodimir Zelenski, ha cifrado este viernes en 78 los ni\u00f1os ucranianos que han muerto desde el comienzo de la ofensiva rusa, hace m\u00e1s de dos semanas.<\/p>\n<p>En una intervenci\u00f3n ante el Sejm &#8211;la C\u00e1mara Baja del Parlamento polaco&#8211;, Zelenski ha destacado que \u00abel n\u00famero siete trae felicidad\u00bb y \u00abesa es la cantidad de vecinos\u00bb que tiene Ucrania. \u00ab\u00bfNos trae felicidad? La respuesta ya se conoce hoy. Y mejor que otros, la conocen los 78 ni\u00f1os ucranianos que murieron por misiles y bombardeos de Rusia\u00bb, ha agregado.<\/p>\n<p>Zelenski, ovacionado por el Sejm antes de su intervenci\u00f3n, ha culpado a Mosc\u00fa de llevar \u00abproblemas y guerras\u00bb a Ucrania y ha lamentado que se trata de \u00abun vecino que obviamente act\u00faa sin Dios\u00bb, ha recogido la agencia de noticias ucraniana Ukrinform.<\/p>\n<p>El mandatario ucraniano ha puesto en valor la hermandad con Polonia y ha destacado que Kiev no se ha quedado solo con el enemigo. \u00abLos hermanos polacos est\u00e1n con nosotros\u00bb, ha afirmado, enfatizando que los ucranianos y los polacos \u00abest\u00e1n muy cerca uno del otro\u00bb.<\/p>\n<p>\u00abLos hermanos polacos est\u00e1n con nosotros y esto es natural\u00bb, ha abundado Zelenski, que ha asegurado que, desde el primer d\u00eda de la guerra, \u00abqued\u00f3 claro para los ucranianos y los polacos que no hab\u00eda fronteras\u00bb entre ellos: ni f\u00edsicas, hist\u00f3ricas, personales o humanas.<\/p>\n<p>\u00abDespu\u00e9s de 16 d\u00edas de guerra, el orgullo ucraniano y el honor polaco, la audacia ucraniana en las batallas y la honestidad polaca se apoyan mutuamente\u00bb, ha agregado, antes de destacar que \u00abhay paz\u00bb entre ambas naciones. En este sentido, ha expresado su \u00abconvicci\u00f3n\u00bb de que tambi\u00e9n habr\u00e1 paz y buenas relaciones entre Ucrania y Bielorrusia. \u00abSomos cercanos, somos vecinos. Tambi\u00e9n debemos ser hermanos de los bielorrusos y lo lograremos\u00bb, ha asegurado.<\/p>\n<p>Por otro lado, ha agradecido que Polonia haya recibido a m\u00e1s de 1,5 millones de refugiados ucranianos, principalmente mujeres y ni\u00f1os. \u00abAs\u00ed hab\u00e9is tratado a nuestra gente, a la que hab\u00e9is salvado en vuestra tierra del mal que ha venido a la nuestra\u00bb, ha aseverado.<\/p>\n<p>\u00abSi vamos a ganar esta guerra, compartiremos nuestra victoria con vosotros, nuestros hermanos (&#8230;). Es una lucha por nuestra libertad, pero tambi\u00e9n por la vuestra, es una historia com\u00fan de las grandes naciones\u00bb, ha a\u00f1adido el mandatario ucraniano, que ha pedido a Dios que \u00abdeje\u00bb ganar a los ucranianos. \u00abViva Polonia libre, viva Ucrania libre\u00bb, ha concluido, en polaco.<\/p>\n<p>&nbsp;<\/p>\n<p>Fuente: EUROPA PRESS<\/p>\n","protected":false},"excerpt":{"rendered":"<p>MADRID, (EUROPA PRESS) &#8211; &nbsp; El presidente de Ucrania, Volodimir <a href=\"https:\/\/sertv.gob.pa\/nacionalfm\/zelenski-cifra-en-cerca-de-80-los-ninos-ucranianos-muertos-desde-el-comienzo-de-la-ofensiva-rusa\/\"> [&#8230;]<\/a><\/p>\n","protected":false},"author":9,"featured_media":79785,"comment_status":"closed","ping_status":"closed","sticky":false,"template":"","format":"standard","meta":{"footnotes":""},"categories":[3],"tags":[],"class_list":["post-79784","post","type-post","status-publish","format-standard","has-post-thumbnail","hentry","category-internacionales"],"_links":{"self":[{"href":"https:\/\/sertv.gob.pa\/nacionalfm\/wp-json\/wp\/v2\/posts\/79784","targetHints":{"allow":["GET"]}}],"collection":[{"href":"https:\/\/sertv.gob.pa\/nacionalfm\/wp-json\/wp\/v2\/posts"}],"about":[{"href":"https:\/\/sertv.gob.pa\/nacionalfm\/wp-json\/wp\/v2\/types\/post"}],"author":[{"embeddable":true,"href":"https:\/\/sertv.gob.pa\/nacionalfm\/wp-json\/wp\/v2\/users\/9"}],"replies":[{"embeddable":true,"href":"https:\/\/sertv.gob.pa\/nacionalfm\/wp-json\/wp\/v2\/comments?post=79784"}],"version-history":[{"count":1,"href":"https:\/\/sertv.gob.pa\/nacionalfm\/wp-json\/wp\/v2\/posts\/79784\/revisions"}],"predecessor-version":[{"id":79786,"href":"https:\/\/sertv.gob.pa\/nacionalfm\/wp-json\/wp\/v2\/posts\/79784\/revisions\/79786"}],"wp:featuredmedia":[{"embeddable":true,"href":"https:\/\/sertv.gob.pa\/nacionalfm\/wp-json\/wp\/v2\/media\/79785"}],"wp:attachment":[{"href":"https:\/\/sertv.gob.pa\/nacionalfm\/wp-json\/wp\/v2\/media?parent=79784"}],"wp:term":[{"taxonomy":"category","embeddable":true,"href":"https:\/\/sertv.gob.pa\/nacionalfm\/wp-json\/wp\/v2\/categories?post=79784"},{"taxonomy":"post_tag","embeddable":true,"href":"https:\/\/sertv.gob.pa\/nacionalfm\/wp-json\/wp\/v2\/tags?post=79784"}],"curies":[{"name":"wp","href":"https:\/\/api.w.org\/{rel}","templated":true}]}}