{"id":79787,"date":"2022-03-11T20:16:52","date_gmt":"2022-03-11T20:16:52","guid":{"rendered":"https:\/\/sertv.gob.pa\/nacionalfm\/?p=79787"},"modified":"2022-03-11T20:16:52","modified_gmt":"2022-03-11T20:16:52","slug":"el-vaticano-celebrara-el-proximo-miercoles-una-misa-en-san-pedro-por-la-paz-en-ucrania","status":"publish","type":"post","link":"https:\/\/sertv.gob.pa\/nacionalfm\/el-vaticano-celebrara-el-proximo-miercoles-una-misa-en-san-pedro-por-la-paz-en-ucrania\/","title":{"rendered":"El Vaticano celebrar\u00e1 el pr\u00f3ximo mi\u00e9rcoles una misa en San Pedro por la paz en Ucrania"},"content":{"rendered":"<p><strong><em>ROMA, (EUROPA PRESS) \u2013<\/em><\/strong><\/p>\n<p><strong><em>\u00a0<\/em><\/strong><\/p>\n<p>El secretario de Estado vaticano, el cardenal Pietro Parolin, celebrar\u00e1 el pr\u00f3ximo mi\u00e9rcoles 16 de marzo una misa en la bas\u00edlica de San de Pedro por la paz en Ucrania, en la que estar\u00e1 presente el cuerpo diplom\u00e1tico acreditado ante la Santa Sede, por lo que es de esperar que est\u00e9n presentes tambi\u00e9n los representantes de las embajadas de Rusia e Ucrania.<\/p>\n<p>As\u00ed lo ha anunciado la oficina de prensa del Vaticano.<\/p>\n<p>Parolin tach\u00f3 este jueves de \u00abinaceptable\u00bb el bombardeo del ej\u00e9rcito a\u00e9reo ruso contra un hospital infantil y una sala de maternidad Mari\u00fapol (Ucrania) que provoc\u00f3 3 muertos y 17 heridos. Seg\u00fan informaron los medios italianos, Parolin conden\u00f3 el ataque que se produjo durante un periodo de alto el fuego de 12 horas destinado a la evacuaci\u00f3n de civiles, en los m\u00e1rgenes de un convenio universitario celebrado en Roma.<\/p>\n<p>Por otro lado, reiter\u00f3 su llamamiento a pactar un alto al fuego que permita efectivamente poner en marcha corredores humanitarios seguros.<\/p>\n<p>&nbsp;<\/p>\n<p>Fuente: EUROPA PRESS<\/p>\n","protected":false},"excerpt":{"rendered":"<p>ROMA, (EUROPA PRESS) \u2013 \u00a0 El secretario de Estado vaticano, <a href=\"https:\/\/sertv.gob.pa\/nacionalfm\/el-vaticano-celebrara-el-proximo-miercoles-una-misa-en-san-pedro-por-la-paz-en-ucrania\/\"> [&#8230;]<\/a><\/p>\n","protected":false},"author":9,"featured_media":79788,"comment_status":"closed","ping_status":"closed","sticky":false,"template":"","format":"standard","meta":{"footnotes":""},"categories":[3],"tags":[],"class_list":["post-79787","post","type-post","status-publish","format-standard","has-post-thumbnail","hentry","category-internacionales"],"_links":{"self":[{"href":"https:\/\/sertv.gob.pa\/nacionalfm\/wp-json\/wp\/v2\/posts\/79787","targetHints":{"allow":["GET"]}}],"collection":[{"href":"https:\/\/sertv.gob.pa\/nacionalfm\/wp-json\/wp\/v2\/posts"}],"about":[{"href":"https:\/\/sertv.gob.pa\/nacionalfm\/wp-json\/wp\/v2\/types\/post"}],"author":[{"embeddable":true,"href":"https:\/\/sertv.gob.pa\/nacionalfm\/wp-json\/wp\/v2\/users\/9"}],"replies":[{"embeddable":true,"href":"https:\/\/sertv.gob.pa\/nacionalfm\/wp-json\/wp\/v2\/comments?post=79787"}],"version-history":[{"count":1,"href":"https:\/\/sertv.gob.pa\/nacionalfm\/wp-json\/wp\/v2\/posts\/79787\/revisions"}],"predecessor-version":[{"id":79789,"href":"https:\/\/sertv.gob.pa\/nacionalfm\/wp-json\/wp\/v2\/posts\/79787\/revisions\/79789"}],"wp:featuredmedia":[{"embeddable":true,"href":"https:\/\/sertv.gob.pa\/nacionalfm\/wp-json\/wp\/v2\/media\/79788"}],"wp:attachment":[{"href":"https:\/\/sertv.gob.pa\/nacionalfm\/wp-json\/wp\/v2\/media?parent=79787"}],"wp:term":[{"taxonomy":"category","embeddable":true,"href":"https:\/\/sertv.gob.pa\/nacionalfm\/wp-json\/wp\/v2\/categories?post=79787"},{"taxonomy":"post_tag","embeddable":true,"href":"https:\/\/sertv.gob.pa\/nacionalfm\/wp-json\/wp\/v2\/tags?post=79787"}],"curies":[{"name":"wp","href":"https:\/\/api.w.org\/{rel}","templated":true}]}}