{"id":79820,"date":"2022-03-14T18:06:24","date_gmt":"2022-03-14T18:06:24","guid":{"rendered":"https:\/\/sertv.gob.pa\/nacionalfm\/?p=79820"},"modified":"2022-03-14T18:06:24","modified_gmt":"2022-03-14T18:06:24","slug":"foris-un-modelo-de-salud-comunitaria-implementado-por-el-minsa","status":"publish","type":"post","link":"https:\/\/sertv.gob.pa\/nacionalfm\/foris-un-modelo-de-salud-comunitaria-implementado-por-el-minsa\/","title":{"rendered":"FORIS, un modelo de Salud comunitaria implementado por el MINSA"},"content":{"rendered":"<p>En 2021, en el programa FORIS, ejecutado por el Ministerio de Salud de Panam\u00e1 (MINSA), se beneficiaron\u00a0 101,797 personas, quienes tuvieron acceso a servicios de atenci\u00f3n integral extramuros, lo que representa una cobertura de 37.5% de la poblaci\u00f3n total, cifra importante en t\u00e9rminos de salud y cobertura.<\/p>\n<p>La direcci\u00f3n de Provisi\u00f3n de Servicios de Salud del MINSA, ha desarrollado la Estrategia de Extensi\u00f3n de Cobertura (EEC) y dentro de esta, se implementa el Programa de Fortalecimiento de Redes Integradas de Servicios de Salud (FORIS), que consiste en brindar una Cartera de Prestaciones Priorizadas (CPP), enfocadas en el actual modelo de atenci\u00f3n de Salud en Panam\u00e1, de manera individual, familiar, comunitaria y ambiental y dentro de la misma, se desarrollan actividades de prevenci\u00f3n, promoci\u00f3n y atenci\u00f3n de salud.<\/p>\n<p>El programa, busca adem\u00e1s cerrar las brechas de acceso a los servicios de salud y mejorar la cobertura en poblaciones con elevados \u00edndices de pobreza, que en algunas comunidades puede llegar a ser extrema y que por lo general, se localiza en zonas rurales ind\u00edgenas y no ind\u00edgenas.<\/p>\n<p>Tambi\u00e9n se fortalecen los procesos de habilitaci\u00f3n de instalaciones de salud, procura abordar las barreras socioculturales que existen en muchas comunidades y consolida el modelo de atenci\u00f3n primaria, en el proceso se enfrentan desaf\u00edos, para enfrentarlos se introduce un esquema de microredes para garantizar as\u00ed una mayor eficiencia y mejorar la gesti\u00f3n de calidad en los servicios que se brindan a la poblaci\u00f3n.<\/p>\n<p>En la actualidad, el proyecto se desarrolla en doce (12) de las quince (15) regiones de salud del pa\u00eds.<\/p>\n<p>&nbsp;<\/p>\n<p>Fuente: MINSA<\/p>\n<p>&nbsp;<\/p>\n","protected":false},"excerpt":{"rendered":"<p>En 2021, en el programa FORIS, ejecutado por el Ministerio <a href=\"https:\/\/sertv.gob.pa\/nacionalfm\/foris-un-modelo-de-salud-comunitaria-implementado-por-el-minsa\/\"> [&#8230;]<\/a><\/p>\n","protected":false},"author":9,"featured_media":79821,"comment_status":"closed","ping_status":"closed","sticky":false,"template":"","format":"standard","meta":{"footnotes":""},"categories":[5],"tags":[],"class_list":["post-79820","post","type-post","status-publish","format-standard","has-post-thumbnail","hentry","category-salud"],"_links":{"self":[{"href":"https:\/\/sertv.gob.pa\/nacionalfm\/wp-json\/wp\/v2\/posts\/79820","targetHints":{"allow":["GET"]}}],"collection":[{"href":"https:\/\/sertv.gob.pa\/nacionalfm\/wp-json\/wp\/v2\/posts"}],"about":[{"href":"https:\/\/sertv.gob.pa\/nacionalfm\/wp-json\/wp\/v2\/types\/post"}],"author":[{"embeddable":true,"href":"https:\/\/sertv.gob.pa\/nacionalfm\/wp-json\/wp\/v2\/users\/9"}],"replies":[{"embeddable":true,"href":"https:\/\/sertv.gob.pa\/nacionalfm\/wp-json\/wp\/v2\/comments?post=79820"}],"version-history":[{"count":1,"href":"https:\/\/sertv.gob.pa\/nacionalfm\/wp-json\/wp\/v2\/posts\/79820\/revisions"}],"predecessor-version":[{"id":79822,"href":"https:\/\/sertv.gob.pa\/nacionalfm\/wp-json\/wp\/v2\/posts\/79820\/revisions\/79822"}],"wp:featuredmedia":[{"embeddable":true,"href":"https:\/\/sertv.gob.pa\/nacionalfm\/wp-json\/wp\/v2\/media\/79821"}],"wp:attachment":[{"href":"https:\/\/sertv.gob.pa\/nacionalfm\/wp-json\/wp\/v2\/media?parent=79820"}],"wp:term":[{"taxonomy":"category","embeddable":true,"href":"https:\/\/sertv.gob.pa\/nacionalfm\/wp-json\/wp\/v2\/categories?post=79820"},{"taxonomy":"post_tag","embeddable":true,"href":"https:\/\/sertv.gob.pa\/nacionalfm\/wp-json\/wp\/v2\/tags?post=79820"}],"curies":[{"name":"wp","href":"https:\/\/api.w.org\/{rel}","templated":true}]}}