{"id":79830,"date":"2022-03-14T20:26:10","date_gmt":"2022-03-14T20:26:10","guid":{"rendered":"https:\/\/sertv.gob.pa\/nacionalfm\/?p=79830"},"modified":"2022-03-14T20:26:10","modified_gmt":"2022-03-14T20:26:10","slug":"el-superviviente-del-holocausto-leon-schwarzbaum-muere-a-los-101-anos-en-alemania","status":"publish","type":"post","link":"https:\/\/sertv.gob.pa\/nacionalfm\/el-superviviente-del-holocausto-leon-schwarzbaum-muere-a-los-101-anos-en-alemania\/","title":{"rendered":"El superviviente del Holocausto Leon Schwarzbaum muere a los 101 a\u00f1os en Alemania"},"content":{"rendered":"<p><strong><em>BERL\u00cdN, (DPA\/EP) \u2013<\/em><\/strong><\/p>\n<p><strong><em>\u00a0<\/em><\/strong><\/p>\n<p>El superviviente del Holocausto Leon &#8216;Henry&#8217; Schwarzbaum ha muerto a los 101 a\u00f1os en la ciudad alemana de Postdam, seg\u00fan ha anunciado el Comit\u00e9 Internacional de Auschwitz en su web.<\/p>\n<p>\u00abCon mucha tristeza, respeto y gratitud, los supervivientes del Holocausto de todo el mundo se despide de su amigo y compa\u00f1ero de sufrimiento Leon Schwarzbaum\u00bb, ha indicado la organizaci\u00f3n este lunes, antes de detallar que el fallecimiento tuvo lugar a \u00faltima hora del domingo.<\/p>\n<p>El organismo ha destacado que Schwarzbaum ha sido en las \u00faltimas d\u00e9cadas de subida uno de los testigos contempor\u00e1neos m\u00e1s importantes de la Sho\u00e1, usando el t\u00e9rmino para el Holocausto en hebreo.<\/p>\n<p>De acuerdo con el Comit\u00e9 Internacional de Auschwitz, el hombre fue el \u00fanico miembro de su familia que sobrevivi\u00f3 a los campos de concentraci\u00f3n de Auschwitz, Buchenwald y el subcampo de Sachsenhausen. Posteriormente, se dedic\u00f3 al comercio de arte y antig\u00fcedades en Berl\u00edn.<\/p>\n<p>Schwarzbaum iba a testificar en un juicio actualmente en curso en la ciudad de Brandeburgo contra un presunto exguardia de las SS en el campo de concentraci\u00f3n de Sachsenhausen. Sin embargo, debido a su estado de salud, al final no fue posible, de acuerdo con el tribunal. Ya testific\u00f3 en 2016 en un juzgado de Detmold, en otro juicio contra un guardia de las SS en Auschwitz llamado Reinhold Hanning.<\/p>\n<p>Durante a\u00f1os, ha contado las experiencias que vivi\u00f3 entre 1939 y 1945 en colegios y otros lugares. Por ello, fue premiado con la Orden del M\u00e9rito de la Rep\u00fablica Federal de Alemania en 2019.<\/p>\n<p>El presidente de Alemania, Frank-Walter Steinmeier, ha alabado la figura de Schwarzbaum como la de \u00abuna gran persona\u00bb y \u00abun importante testigo contempor\u00e1neo\u00bb.<\/p>\n<p>&nbsp;<\/p>\n<p>&nbsp;<\/p>\n<p>&nbsp;<\/p>\n","protected":false},"excerpt":{"rendered":"<p>BERL\u00cdN, (DPA\/EP) \u2013 \u00a0 El superviviente del Holocausto Leon &#8216;Henry&#8217; <a href=\"https:\/\/sertv.gob.pa\/nacionalfm\/el-superviviente-del-holocausto-leon-schwarzbaum-muere-a-los-101-anos-en-alemania\/\"> [&#8230;]<\/a><\/p>\n","protected":false},"author":9,"featured_media":79831,"comment_status":"closed","ping_status":"closed","sticky":false,"template":"","format":"standard","meta":{"footnotes":""},"categories":[3],"tags":[],"class_list":["post-79830","post","type-post","status-publish","format-standard","has-post-thumbnail","hentry","category-internacionales"],"_links":{"self":[{"href":"https:\/\/sertv.gob.pa\/nacionalfm\/wp-json\/wp\/v2\/posts\/79830","targetHints":{"allow":["GET"]}}],"collection":[{"href":"https:\/\/sertv.gob.pa\/nacionalfm\/wp-json\/wp\/v2\/posts"}],"about":[{"href":"https:\/\/sertv.gob.pa\/nacionalfm\/wp-json\/wp\/v2\/types\/post"}],"author":[{"embeddable":true,"href":"https:\/\/sertv.gob.pa\/nacionalfm\/wp-json\/wp\/v2\/users\/9"}],"replies":[{"embeddable":true,"href":"https:\/\/sertv.gob.pa\/nacionalfm\/wp-json\/wp\/v2\/comments?post=79830"}],"version-history":[{"count":1,"href":"https:\/\/sertv.gob.pa\/nacionalfm\/wp-json\/wp\/v2\/posts\/79830\/revisions"}],"predecessor-version":[{"id":79836,"href":"https:\/\/sertv.gob.pa\/nacionalfm\/wp-json\/wp\/v2\/posts\/79830\/revisions\/79836"}],"wp:featuredmedia":[{"embeddable":true,"href":"https:\/\/sertv.gob.pa\/nacionalfm\/wp-json\/wp\/v2\/media\/79831"}],"wp:attachment":[{"href":"https:\/\/sertv.gob.pa\/nacionalfm\/wp-json\/wp\/v2\/media?parent=79830"}],"wp:term":[{"taxonomy":"category","embeddable":true,"href":"https:\/\/sertv.gob.pa\/nacionalfm\/wp-json\/wp\/v2\/categories?post=79830"},{"taxonomy":"post_tag","embeddable":true,"href":"https:\/\/sertv.gob.pa\/nacionalfm\/wp-json\/wp\/v2\/tags?post=79830"}],"curies":[{"name":"wp","href":"https:\/\/api.w.org\/{rel}","templated":true}]}}