{"id":79837,"date":"2022-03-14T20:37:40","date_gmt":"2022-03-14T20:37:40","guid":{"rendered":"https:\/\/sertv.gob.pa\/nacionalfm\/?p=79837"},"modified":"2022-03-14T20:37:40","modified_gmt":"2022-03-14T20:37:40","slug":"al-menos-23-muertos-por-el-impacto-de-un-misil-en-la-ciudad-de-donetsk-segun-los-separatistas","status":"publish","type":"post","link":"https:\/\/sertv.gob.pa\/nacionalfm\/al-menos-23-muertos-por-el-impacto-de-un-misil-en-la-ciudad-de-donetsk-segun-los-separatistas\/","title":{"rendered":"Al menos 23 muertos por el impacto de un misil en la ciudad de Donetsk, seg\u00fan los separatistas"},"content":{"rendered":"<p><strong><em>MADRID, (EUROPA PRESS) &#8211;<\/em><\/strong><\/p>\n<p>Al menos 23 personas han muerto por el impacto de un cohete &#8216;Tochka&#8217; con bombas de racimo sobre la ciudad de Donetsk, capital de una de las regiones separatistas del este de Ucrania, seg\u00fan han informado las autoridades locales.<\/p>\n<p>Adem\u00e1s habr\u00eda que contabilizar 28 heridos por el impacto del proyectil, incluidos varios menores de edad. Parte del misil ha impactado en el centro de la localidad.<\/p>\n<p>El proyectil fue lanzado por la ma\u00f1ana desde la regi\u00f3n de Krasnoarmeisk, bajo control de fuerzas \u00abnacionalistas\u00bb ucranianas, asegura Mosc\u00fa. El misil, de fabricaci\u00f3n sovi\u00e9tica fue derribado en torno a mediod\u00eda.<\/p>\n<p>El presidente de la autoproclamada Rep\u00fablica Popular de Donetsk, Denis Pushilin, ha destacado que el proyectil ha sido derribado, por lo que ha alertado de que podr\u00edan haber sido muchas m\u00e1s las v\u00edctimas. As\u00ed, las autoridades rusas y de Donetsk han denunciado que se trata de un \u00abcrimen de guerra\u00bb.<\/p>\n<p>\u00abEra gente que estaba haciendo cola en un cajero y que esperaba en una parada de autob\u00fas. Hay ni\u00f1os entre los muertos\u00bb, ha afirmado Pushilin en declaraciones a Rossiya 24.<\/p>\n<p>En respuesta, las autoridades ucranianas han negado estas acusaciones y han asegurado que se trata de un misil ruso. \u00abEs sin lugar a dudas un cohete ruso u otro tipo de munici\u00f3n. No merece la pena ni hablar de ello\u00bb, ha apuntado un portavoz militar ucraniano, Leonid Matiujin, en declaraciones a la prensa.<\/p>\n<p>El suceso ha tenido lugar en medio de la invasi\u00f3n rusa del pa\u00eds, iniciada el 24 de febrero por orden del presidente ruso, Vladimir Putin, quien tres d\u00edas antes hab\u00eda reconocido la independencia de las autoproclamadas rep\u00fablicas de Donetsk y Lugansk.<\/p>\n<p>&nbsp;<\/p>\n<p>Fuente: EUROPA PRESS<\/p>\n<p>&nbsp;<\/p>\n","protected":false},"excerpt":{"rendered":"<p>MADRID, (EUROPA PRESS) &#8211; Al menos 23 personas han muerto <a href=\"https:\/\/sertv.gob.pa\/nacionalfm\/al-menos-23-muertos-por-el-impacto-de-un-misil-en-la-ciudad-de-donetsk-segun-los-separatistas\/\"> [&#8230;]<\/a><\/p>\n","protected":false},"author":9,"featured_media":79838,"comment_status":"closed","ping_status":"closed","sticky":false,"template":"","format":"standard","meta":{"footnotes":""},"categories":[3],"tags":[],"class_list":["post-79837","post","type-post","status-publish","format-standard","has-post-thumbnail","hentry","category-internacionales"],"_links":{"self":[{"href":"https:\/\/sertv.gob.pa\/nacionalfm\/wp-json\/wp\/v2\/posts\/79837","targetHints":{"allow":["GET"]}}],"collection":[{"href":"https:\/\/sertv.gob.pa\/nacionalfm\/wp-json\/wp\/v2\/posts"}],"about":[{"href":"https:\/\/sertv.gob.pa\/nacionalfm\/wp-json\/wp\/v2\/types\/post"}],"author":[{"embeddable":true,"href":"https:\/\/sertv.gob.pa\/nacionalfm\/wp-json\/wp\/v2\/users\/9"}],"replies":[{"embeddable":true,"href":"https:\/\/sertv.gob.pa\/nacionalfm\/wp-json\/wp\/v2\/comments?post=79837"}],"version-history":[{"count":1,"href":"https:\/\/sertv.gob.pa\/nacionalfm\/wp-json\/wp\/v2\/posts\/79837\/revisions"}],"predecessor-version":[{"id":79839,"href":"https:\/\/sertv.gob.pa\/nacionalfm\/wp-json\/wp\/v2\/posts\/79837\/revisions\/79839"}],"wp:featuredmedia":[{"embeddable":true,"href":"https:\/\/sertv.gob.pa\/nacionalfm\/wp-json\/wp\/v2\/media\/79838"}],"wp:attachment":[{"href":"https:\/\/sertv.gob.pa\/nacionalfm\/wp-json\/wp\/v2\/media?parent=79837"}],"wp:term":[{"taxonomy":"category","embeddable":true,"href":"https:\/\/sertv.gob.pa\/nacionalfm\/wp-json\/wp\/v2\/categories?post=79837"},{"taxonomy":"post_tag","embeddable":true,"href":"https:\/\/sertv.gob.pa\/nacionalfm\/wp-json\/wp\/v2\/tags?post=79837"}],"curies":[{"name":"wp","href":"https:\/\/api.w.org\/{rel}","templated":true}]}}