{"id":79924,"date":"2022-03-16T17:47:54","date_gmt":"2022-03-16T17:47:54","guid":{"rendered":"https:\/\/sertv.gob.pa\/nacionalfm\/?p=79924"},"modified":"2022-03-16T17:47:54","modified_gmt":"2022-03-16T17:47:54","slug":"zelenski-intervendra-este-jueves-en-el-bundestag-aleman","status":"publish","type":"post","link":"https:\/\/sertv.gob.pa\/nacionalfm\/zelenski-intervendra-este-jueves-en-el-bundestag-aleman\/","title":{"rendered":"Zelenski intervendr\u00e1 este jueves en el Bundestag alem\u00e1n"},"content":{"rendered":"<p><strong><em>MADRID, (EUROPA PRESS) \u2013<\/em><\/strong><\/p>\n<p><strong><em>\u00a0<\/em><\/strong><\/p>\n<p>El presidente de Ucrania, Volodimir Zelenski, se dirigir\u00e1 este jueves a los miembros del Bundestag, la C\u00e1mara Baja del Parlamento alem\u00e1n, como ya ha hecho en las c\u00e1maras de pa\u00edses como Estados Unidos, Reino Unido o Canad\u00e1.<\/p>\n<p>Seg\u00fan ha informado el Bundestag en su web, la intervenci\u00f3n de Zelenski comenzar\u00e1 a las 9.00 horas, antes de que d\u00e9 comienzo la agenda oficial de la jornada.<\/p>\n<p>La presidenta del Bundestag, Barbel Bas, ya expres\u00f3 el d\u00eda que comenz\u00f3 la ofensiva militar en Ucrania su \u00absincera solidaridad con todos los miembros de la Rada Suprema, el Parlamento ucraniano, y la ciudadan\u00eda\u00bb del pa\u00eds. Bas dijo al presidente de la Rada Suprema, Oleksiovich Stefanchuk, que la gran mayor\u00eda de los miembros del Bundestag estaban \u00abfirmemente\u00bb del lado de Ucrania.<\/p>\n<p>D\u00edas m\u00e1s tarde, en el marco de una declaraci\u00f3n del canciller, Olaf Scholz, en la c\u00e1mara, Bas describi\u00f3 el ataque contra Ucrania como una \u00abclara violaci\u00f3n\u00bb del Derecho Internacional y un ataque a los principios del mundo libre. \u00abPrincipios que no son negociables para Alemania y para todas las democracias del mundo\u00bb.<\/p>\n<p>&nbsp;<\/p>\n<p>Fuente: EUROPA PRESS<\/p>\n","protected":false},"excerpt":{"rendered":"<p>MADRID, (EUROPA PRESS) \u2013 \u00a0 El presidente de Ucrania, Volodimir <a href=\"https:\/\/sertv.gob.pa\/nacionalfm\/zelenski-intervendra-este-jueves-en-el-bundestag-aleman\/\"> [&#8230;]<\/a><\/p>\n","protected":false},"author":9,"featured_media":79925,"comment_status":"closed","ping_status":"closed","sticky":false,"template":"","format":"standard","meta":{"footnotes":""},"categories":[3],"tags":[],"class_list":["post-79924","post","type-post","status-publish","format-standard","has-post-thumbnail","hentry","category-internacionales"],"_links":{"self":[{"href":"https:\/\/sertv.gob.pa\/nacionalfm\/wp-json\/wp\/v2\/posts\/79924","targetHints":{"allow":["GET"]}}],"collection":[{"href":"https:\/\/sertv.gob.pa\/nacionalfm\/wp-json\/wp\/v2\/posts"}],"about":[{"href":"https:\/\/sertv.gob.pa\/nacionalfm\/wp-json\/wp\/v2\/types\/post"}],"author":[{"embeddable":true,"href":"https:\/\/sertv.gob.pa\/nacionalfm\/wp-json\/wp\/v2\/users\/9"}],"replies":[{"embeddable":true,"href":"https:\/\/sertv.gob.pa\/nacionalfm\/wp-json\/wp\/v2\/comments?post=79924"}],"version-history":[{"count":1,"href":"https:\/\/sertv.gob.pa\/nacionalfm\/wp-json\/wp\/v2\/posts\/79924\/revisions"}],"predecessor-version":[{"id":79926,"href":"https:\/\/sertv.gob.pa\/nacionalfm\/wp-json\/wp\/v2\/posts\/79924\/revisions\/79926"}],"wp:featuredmedia":[{"embeddable":true,"href":"https:\/\/sertv.gob.pa\/nacionalfm\/wp-json\/wp\/v2\/media\/79925"}],"wp:attachment":[{"href":"https:\/\/sertv.gob.pa\/nacionalfm\/wp-json\/wp\/v2\/media?parent=79924"}],"wp:term":[{"taxonomy":"category","embeddable":true,"href":"https:\/\/sertv.gob.pa\/nacionalfm\/wp-json\/wp\/v2\/categories?post=79924"},{"taxonomy":"post_tag","embeddable":true,"href":"https:\/\/sertv.gob.pa\/nacionalfm\/wp-json\/wp\/v2\/tags?post=79924"}],"curies":[{"name":"wp","href":"https:\/\/api.w.org\/{rel}","templated":true}]}}