{"id":79927,"date":"2022-03-16T19:07:09","date_gmt":"2022-03-16T19:07:09","guid":{"rendered":"https:\/\/sertv.gob.pa\/nacionalfm\/?p=79927"},"modified":"2022-03-16T19:07:09","modified_gmt":"2022-03-16T19:07:09","slug":"ucrania-denuncia-el-bombardeo-de-un-teatro-en-mariupol-que-servia-de-refugio-a-cientos-de-personas","status":"publish","type":"post","link":"https:\/\/sertv.gob.pa\/nacionalfm\/ucrania-denuncia-el-bombardeo-de-un-teatro-en-mariupol-que-servia-de-refugio-a-cientos-de-personas\/","title":{"rendered":"Ucrania denuncia el bombardeo de un teatro en Mari\u00fapol que serv\u00eda de refugio a \u00abcientos\u00bb de personas"},"content":{"rendered":"<p><strong><em>\u00a0<\/em><\/strong><\/p>\n<p><strong><em>MADRID, (EUROPA PRESS) \u2013<\/em><\/strong><\/p>\n<p><strong><em>\u00a0<\/em><\/strong><\/p>\n<p>El Ayuntamiento de Mari\u00fapol ha denunciado este mi\u00e9rcoles la destrucci\u00f3n por parte de las fuerzas rusas del principal teatro de la ciudad, que estaba sirviendo como refugio para \u00abcientos\u00bb de personas.<\/p>\n<p>\u00abLas tropas racistas han destruido de manera c\u00ednica y deliberada el Teatro Dram\u00e1tico en el coraz\u00f3n de Mari\u00fapol. El avi\u00f3n ha lanzado una bomba sobre un edificio en el que se escond\u00edan cientos de residentes pac\u00edficos\u00bb, ha denunciado el Ayuntamiento de la ciudad en su canal de Telegram.<\/p>\n<p>\u00abTodav\u00eda es imposible estimar la magnitud de este acto horrible e inhumano porque las \u00e1reas residenciales de la ciudad contin\u00faan siendo bombardeadas\u00bb, han se\u00f1alado estas mismas fuentes, que todav\u00eda no han podido precisar el n\u00famero de v\u00edctimas que el ataque habr\u00eda dejado.<\/p>\n<p>Seg\u00fan este mismo comunicado, la parte central del teatro y la entrada al refugio antibombas del edificio han quedado totalmente destruidos como consecuencia del ataque. El teniente de alcalde de la ciudad, Serhiy Orlov, ha contado a la BBC que entre mil y 1.200 personas se hab\u00edan refugiado en el edificio.<\/p>\n<p>\u00abEs imposible encontrar palabras que puedan describir el nivel de crueldad y cinismo con el que los agresores rusos est\u00e1n destruyendo a la poblaci\u00f3n civil (&#8230;) Mujeres, ni\u00f1os y ancianos est\u00e1n en la mira del enemigo. Estas son personas pac\u00edficas completamente desarmadas. Es obvio que el \u00fanico objetivo del Ej\u00e9rcito ruso es el genocidio del pueblo ucraniano\u00bb, han denunciado las autoridades locales.<\/p>\n<p>\u00abNo importa cu\u00e1nto tiempo pase, nunca perdonaremos ninguna de las v\u00edctimas ni ninguna de las gotas de sangre derramadas por esta guerra loca. Nunca perdonaremos y nunca olvidaremos\u00bb, cierra el comunicado.<\/p>\n<p>En informes anteriores facilitados por las autoridades locales de Mari\u00fapol, una importante ciudad portuaria en el sureste de Ucrania que ha sido uno de los principales escenarios de las ofensivas de Mosc\u00fa, han cifrado en cerca de 2.200 las v\u00edctimas mortales hasta el 13 de marzo.<\/p>\n<p>&nbsp;<\/p>\n<p>Fuente: EUROPA PRESS<\/p>\n","protected":false},"excerpt":{"rendered":"<p>\u00a0 MADRID, (EUROPA PRESS) \u2013 \u00a0 El Ayuntamiento de Mari\u00fapol <a href=\"https:\/\/sertv.gob.pa\/nacionalfm\/ucrania-denuncia-el-bombardeo-de-un-teatro-en-mariupol-que-servia-de-refugio-a-cientos-de-personas\/\"> [&#8230;]<\/a><\/p>\n","protected":false},"author":9,"featured_media":79928,"comment_status":"closed","ping_status":"closed","sticky":false,"template":"","format":"standard","meta":{"footnotes":""},"categories":[3],"tags":[],"class_list":["post-79927","post","type-post","status-publish","format-standard","has-post-thumbnail","hentry","category-internacionales"],"_links":{"self":[{"href":"https:\/\/sertv.gob.pa\/nacionalfm\/wp-json\/wp\/v2\/posts\/79927","targetHints":{"allow":["GET"]}}],"collection":[{"href":"https:\/\/sertv.gob.pa\/nacionalfm\/wp-json\/wp\/v2\/posts"}],"about":[{"href":"https:\/\/sertv.gob.pa\/nacionalfm\/wp-json\/wp\/v2\/types\/post"}],"author":[{"embeddable":true,"href":"https:\/\/sertv.gob.pa\/nacionalfm\/wp-json\/wp\/v2\/users\/9"}],"replies":[{"embeddable":true,"href":"https:\/\/sertv.gob.pa\/nacionalfm\/wp-json\/wp\/v2\/comments?post=79927"}],"version-history":[{"count":1,"href":"https:\/\/sertv.gob.pa\/nacionalfm\/wp-json\/wp\/v2\/posts\/79927\/revisions"}],"predecessor-version":[{"id":79929,"href":"https:\/\/sertv.gob.pa\/nacionalfm\/wp-json\/wp\/v2\/posts\/79927\/revisions\/79929"}],"wp:featuredmedia":[{"embeddable":true,"href":"https:\/\/sertv.gob.pa\/nacionalfm\/wp-json\/wp\/v2\/media\/79928"}],"wp:attachment":[{"href":"https:\/\/sertv.gob.pa\/nacionalfm\/wp-json\/wp\/v2\/media?parent=79927"}],"wp:term":[{"taxonomy":"category","embeddable":true,"href":"https:\/\/sertv.gob.pa\/nacionalfm\/wp-json\/wp\/v2\/categories?post=79927"},{"taxonomy":"post_tag","embeddable":true,"href":"https:\/\/sertv.gob.pa\/nacionalfm\/wp-json\/wp\/v2\/tags?post=79927"}],"curies":[{"name":"wp","href":"https:\/\/api.w.org\/{rel}","templated":true}]}}