{"id":79986,"date":"2022-03-17T18:28:13","date_gmt":"2022-03-17T18:28:13","guid":{"rendered":"https:\/\/sertv.gob.pa\/nacionalfm\/?p=79986"},"modified":"2022-03-17T18:28:13","modified_gmt":"2022-03-17T18:28:13","slug":"al-menos-70-migrantes-han-muerto-o-desaparecido-en-las-costas-de-libia-en-las-ultimas-dos-semanas","status":"publish","type":"post","link":"https:\/\/sertv.gob.pa\/nacionalfm\/al-menos-70-migrantes-han-muerto-o-desaparecido-en-las-costas-de-libia-en-las-ultimas-dos-semanas\/","title":{"rendered":"Al menos 70 migrantes han muerto o desaparecido en las costas de Libia en las \u00faltimas dos semanas"},"content":{"rendered":"<p><strong><em>MADRID, (EUROPA PRESS) \u2013<\/em><\/strong><\/p>\n<p><strong><em>\u00a0<\/em><\/strong><\/p>\n<p>Al menos 70 migrantes han sido dados por muertos o han desaparecido en las costas de Libia en las dos \u00faltimas semanas, seg\u00fan ha informado este jueves la Organizaci\u00f3n Internacional para las Migraciones (OIM).<\/p>\n<p>El \u00faltimo incidente se produjo el 12 de marzo, cuando un bote que llevaba 25 personas a bordo volc\u00f3 cerca de Tobruk. Las autoridades rescataron a seis migrantes y recuperaron siete cuerpos, mientras que 12 permanecen desaparecidos. Con estos, el n\u00famero de migrantes muertos o desaparecidos en el Mediterr\u00e1neo central ha ascendido hasta los 215 este a\u00f1o, seg\u00fan un comunicado del organismo.<\/p>\n<p>Por ello, la OIM ha vuelto a pedir \u00abacciones concretas\u00bb para reducir la p\u00e9rdida de vidas en esta ruta migratoria, mediante b\u00fasquedas proactivas, rescates y mecanismos de desembarco seguro, todo ello de acuerdo al Derecho Internacional. La organizaci\u00f3n ha destacado que este tipo de incidentes son, frecuentemente, el resultado de un acceso no equitativo a la movilidad segura y legal.<\/p>\n<p>\u00abSe necesitan m\u00e1s opciones para una migraci\u00f3n segura, ordenada y regular, para que la gente no se vea obligada a arriesgas sus vidas en su b\u00fasqueda por oportunidades mejores\u00bb, ha indicado.<\/p>\n<p>El jefe de la misi\u00f3n de la OIM en Libia, Federico Soda, se ha declarado \u00abdevastado\u00bb por la continua p\u00e9rdida de vidas en el Mediterr\u00e1neo central y la carencia de acciones para abordar \u00abesta tragedia en curso\u00bb. \u00abCada migrante desaparecido representa a una familia en duelo buscando respuestas sobre sus seres queridos. Las familias merecen saber el destino de sus hijos, hermanos, padres, parejas o amigos\u00bb, ha remachado.<\/p>\n<p>&nbsp;<\/p>\n<p>Fuente: EUROPA PRESS<\/p>\n","protected":false},"excerpt":{"rendered":"<p>MADRID, (EUROPA PRESS) \u2013 \u00a0 Al menos 70 migrantes han <a href=\"https:\/\/sertv.gob.pa\/nacionalfm\/al-menos-70-migrantes-han-muerto-o-desaparecido-en-las-costas-de-libia-en-las-ultimas-dos-semanas\/\"> [&#8230;]<\/a><\/p>\n","protected":false},"author":9,"featured_media":79987,"comment_status":"closed","ping_status":"closed","sticky":false,"template":"","format":"standard","meta":{"footnotes":""},"categories":[3],"tags":[],"class_list":["post-79986","post","type-post","status-publish","format-standard","has-post-thumbnail","hentry","category-internacionales"],"_links":{"self":[{"href":"https:\/\/sertv.gob.pa\/nacionalfm\/wp-json\/wp\/v2\/posts\/79986","targetHints":{"allow":["GET"]}}],"collection":[{"href":"https:\/\/sertv.gob.pa\/nacionalfm\/wp-json\/wp\/v2\/posts"}],"about":[{"href":"https:\/\/sertv.gob.pa\/nacionalfm\/wp-json\/wp\/v2\/types\/post"}],"author":[{"embeddable":true,"href":"https:\/\/sertv.gob.pa\/nacionalfm\/wp-json\/wp\/v2\/users\/9"}],"replies":[{"embeddable":true,"href":"https:\/\/sertv.gob.pa\/nacionalfm\/wp-json\/wp\/v2\/comments?post=79986"}],"version-history":[{"count":1,"href":"https:\/\/sertv.gob.pa\/nacionalfm\/wp-json\/wp\/v2\/posts\/79986\/revisions"}],"predecessor-version":[{"id":79988,"href":"https:\/\/sertv.gob.pa\/nacionalfm\/wp-json\/wp\/v2\/posts\/79986\/revisions\/79988"}],"wp:featuredmedia":[{"embeddable":true,"href":"https:\/\/sertv.gob.pa\/nacionalfm\/wp-json\/wp\/v2\/media\/79987"}],"wp:attachment":[{"href":"https:\/\/sertv.gob.pa\/nacionalfm\/wp-json\/wp\/v2\/media?parent=79986"}],"wp:term":[{"taxonomy":"category","embeddable":true,"href":"https:\/\/sertv.gob.pa\/nacionalfm\/wp-json\/wp\/v2\/categories?post=79986"},{"taxonomy":"post_tag","embeddable":true,"href":"https:\/\/sertv.gob.pa\/nacionalfm\/wp-json\/wp\/v2\/tags?post=79986"}],"curies":[{"name":"wp","href":"https:\/\/api.w.org\/{rel}","templated":true}]}}